{"id":1748,"date":"2023-06-15T07:25:23","date_gmt":"2023-06-15T07:25:23","guid":{"rendered":"http:\/\/comunicacion.unedzamora.es\/?p=1748"},"modified":"2023-07-19T07:46:04","modified_gmt":"2023-07-19T07:46:04","slug":"comienza-el-plazo-de-admision-a-grados-y-grados-combinados","status":"publish","type":"post","link":"http:\/\/comunicacion.unedzamora.es\/index.php\/2023\/06\/15\/comienza-el-plazo-de-admision-a-grados-y-grados-combinados\/","title":{"rendered":"Comienza el plazo de Admisi\u00f3n a Grados y Grados Combinados"},"content":{"rendered":"<style>\/*! elementor - v3.14.0 - 26-06-2023 *\/<br \/>\n.elementor-column .elementor-spacer-inner{height:var(--spacer-size)}.e-con{--container-widget-width:100%}.e-con-inner>.elementor-widget-spacer,.e-con>.elementor-widget-spacer{width:var(--container-widget-width,var(--spacer-size));--align-self:var(--container-widget-align-self,initial);--flex-shrink:0}.e-con-inner>.elementor-widget-spacer>.elementor-widget-container,.e-con-inner>.elementor-widget-spacer>.elementor-widget-container>.elementor-spacer,.e-con>.elementor-widget-spacer>.elementor-widget-container,.e-con>.elementor-widget-spacer>.elementor-widget-container>.elementor-spacer{height:100%}.e-con-inner>.elementor-widget-spacer>.elementor-widget-container>.elementor-spacer>.elementor-spacer-inner,.e-con>.elementor-widget-spacer>.elementor-widget-container>.elementor-spacer>.elementor-spacer-inner{height:var(--container-widget-height,var(--spacer-size))}<\/style>\n<style>\/*! elementor - v3.14.0 - 26-06-2023 *\/<br \/>\n.elementor-heading-title{padding:0;margin:0;line-height:1}.elementor-widget-heading .elementor-heading-title[class*=elementor-size-]>a{color:inherit;font-size:inherit;line-height:inherit}.elementor-widget-heading .elementor-heading-title.elementor-size-small{font-size:15px}.elementor-widget-heading .elementor-heading-title.elementor-size-medium{font-size:19px}.elementor-widget-heading .elementor-heading-title.elementor-size-large{font-size:29px}.elementor-widget-heading .elementor-heading-title.elementor-size-xl{font-size:39px}.elementor-widget-heading .elementor-heading-title.elementor-size-xxl{font-size:59px}<\/style>\n<h2>Comienza el plazo de Admisi\u00f3n a Grados y Grados Combinados<\/h2>\n<p>Desde el&nbsp;<strong>15 de junio y hasta el 23 de octubre<\/strong>&nbsp;queda abierto el plazo de&nbsp;<a href=\"https:\/\/app.uned.es\/portal\/admision-matricula-por-internet\" target=\"_blank\" rel=\"noopener\"><strong>Admisi\u00f3n<\/strong><\/a><b>&nbsp;<\/b>para estudiar alguno de nuestros&nbsp;Grados o Grados Combinados. En la UNED no hay l\u00edmite de plazas ni nota de corte, pero la Admisi\u00f3n sirve para solicitar el traslado de expediente o la simultaneidad de estos estudios desde otra universidad espa\u00f1ola&nbsp;antes de proceder a la matriculaci\u00f3n.<\/p>\n<p>Este<b>&nbsp;proceso de&nbsp;<\/b><a href=\"https:\/\/app.uned.es\/portal\/admision-matricula-por-internet\"><b>Admisi\u00f3n<\/b><\/a><b>,<\/b>&nbsp;<b>previo a la matriculaci\u00f3n<\/b>, deben hacerlo aquellas personas que desean estudiar un Grado en la UNED y acaban de hacer la&nbsp;<strong>EBAU&nbsp;<\/strong>(o hicieron la antigua Selectividad), quienes hayan superado la&nbsp;<strong>Prueba de Acceso a la Universidad para Mayores<\/strong>&nbsp;<strong>de 25 o 45 a\u00f1os<\/strong>&nbsp;en otra universidad distinta a la UNED&nbsp;o aquellos estudiantes que vienen de&nbsp;<strong>otra universidad espa\u00f1ola<\/strong>, ya sea para continuar sus estudios en la UNED o para simultanearlos con uno de nuestros Grados.<\/p>\n<p><img decoding=\"async\" loading=\"lazy\" src=\"https:\/\/comunicacion.uned.es\/_files\/_event\/_100920\/_editorFiles\/file\/ADMISI%C3%93N%20GRADOS%20(2).png\" alt=\"\" width=\"381\" height=\"477\">&nbsp; &nbsp; &nbsp; &nbsp;<img decoding=\"async\" loading=\"lazy\" src=\"https:\/\/comunicacion.uned.es\/_files\/_event\/_100920\/_editorFiles\/file\/ADMISI%C3%93N%20GRADOS%20(3).png\" alt=\"\" width=\"440\" height=\"409\"><\/p>\n","protected":false},"excerpt":{"rendered":"<p>Comienza el plazo de Admisi\u00f3n a Grados y Grados Combinados Desde el&nbsp;15 de junio y hasta el 23<\/p>\n","protected":false},"author":1,"featured_media":1936,"comment_status":"closed","ping_status":"closed","sticky":false,"template":"","format":"standard","meta":[],"categories":[10],"tags":[],"_links":{"self":[{"href":"http:\/\/comunicacion.unedzamora.es\/index.php\/wp-json\/wp\/v2\/posts\/1748"}],"collection":[{"href":"http:\/\/comunicacion.unedzamora.es\/index.php\/wp-json\/wp\/v2\/posts"}],"about":[{"href":"http:\/\/comunicacion.unedzamora.es\/index.php\/wp-json\/wp\/v2\/types\/post"}],"author":[{"embeddable":true,"href":"http:\/\/comunicacion.unedzamora.es\/index.php\/wp-json\/wp\/v2\/users\/1"}],"replies":[{"embeddable":true,"href":"http:\/\/comunicacion.unedzamora.es\/index.php\/wp-json\/wp\/v2\/comments?post=1748"}],"version-history":[{"count":11,"href":"http:\/\/comunicacion.unedzamora.es\/index.php\/wp-json\/wp\/v2\/posts\/1748\/revisions"}],"predecessor-version":[{"id":1937,"href":"http:\/\/comunicacion.unedzamora.es\/index.php\/wp-json\/wp\/v2\/posts\/1748\/revisions\/1937"}],"wp:featuredmedia":[{"embeddable":true,"href":"http:\/\/comunicacion.unedzamora.es\/index.php\/wp-json\/wp\/v2\/media\/1936"}],"wp:attachment":[{"href":"http:\/\/comunicacion.unedzamora.es\/index.php\/wp-json\/wp\/v2\/media?parent=1748"}],"wp:term":[{"taxonomy":"category","embeddable":true,"href":"http:\/\/comunicacion.unedzamora.es\/index.php\/wp-json\/wp\/v2\/categories?post=1748"},{"taxonomy":"post_tag","embeddable":true,"href":"http:\/\/comunicacion.unedzamora.es\/index.php\/wp-json\/wp\/v2\/tags?post=1748"}],"curies":[{"name":"wp","href":"https:\/\/api.w.org\/{rel}","templated":true}]}}