{"id":1790,"date":"2023-05-17T07:45:13","date_gmt":"2023-05-17T07:45:13","guid":{"rendered":"http:\/\/comunicacion.unedzamora.es\/?p=1790"},"modified":"2023-07-19T07:46:26","modified_gmt":"2023-07-19T07:46:26","slug":"la-uned-presenta-sus-cursos-de-verano-2023","status":"publish","type":"post","link":"http:\/\/comunicacion.unedzamora.es\/index.php\/2023\/05\/17\/la-uned-presenta-sus-cursos-de-verano-2023\/","title":{"rendered":"La UNED presenta sus Cursos de Verano 2023"},"content":{"rendered":"<style>\/*! elementor - v3.14.0 - 26-06-2023 *\/\n.elementor-column .elementor-spacer-inner{height:var(--spacer-size)}.e-con{--container-widget-width:100%}.e-con-inner>.elementor-widget-spacer,.e-con>.elementor-widget-spacer{width:var(--container-widget-width,var(--spacer-size));--align-self:var(--container-widget-align-self,initial);--flex-shrink:0}.e-con-inner>.elementor-widget-spacer>.elementor-widget-container,.e-con-inner>.elementor-widget-spacer>.elementor-widget-container>.elementor-spacer,.e-con>.elementor-widget-spacer>.elementor-widget-container,.e-con>.elementor-widget-spacer>.elementor-widget-container>.elementor-spacer{height:100%}.e-con-inner>.elementor-widget-spacer>.elementor-widget-container>.elementor-spacer>.elementor-spacer-inner,.e-con>.elementor-widget-spacer>.elementor-widget-container>.elementor-spacer>.elementor-spacer-inner{height:var(--container-widget-height,var(--spacer-size))}<\/style>\n<style>\/*! elementor - v3.14.0 - 26-06-2023 *\/\n.elementor-heading-title{padding:0;margin:0;line-height:1}.elementor-widget-heading .elementor-heading-title[class*=elementor-size-]>a{color:inherit;font-size:inherit;line-height:inherit}.elementor-widget-heading .elementor-heading-title.elementor-size-small{font-size:15px}.elementor-widget-heading .elementor-heading-title.elementor-size-medium{font-size:19px}.elementor-widget-heading .elementor-heading-title.elementor-size-large{font-size:29px}.elementor-widget-heading .elementor-heading-title.elementor-size-xl{font-size:39px}.elementor-widget-heading .elementor-heading-title.elementor-size-xxl{font-size:59px}<\/style>\n<h2>La UNED presenta sus Cursos de Verano 2023<\/h2>\n<p><strong>La presentaci\u00f3n de la\u00a0<a href=\"https:\/\/www.uned.es\/universidad\/inicio\/estudios\/cursos-verano.html\" target=\"_blank\" rel=\"noopener\">34.\u00aa edici\u00f3n de los Cursos de Verano UNED<\/a>\u00a0ha tenido lugar esta ma\u00f1ana en el sal\u00f3n de actos de la sede de\u00a0<a href=\"https:\/\/unedmadrid.es\/\" target=\"_blank\" rel=\"noopener\">UNED Madrid en Escuelas P\u00edas<\/a>, presidida por el\u00a0<a href=\"https:\/\/www.uned.es\/universidad\/docentes\/filologia\/ricardo-mairal-uson.html\" target=\"_blank\" rel=\"noopener\">rector de la UNED, Ricardo Mairal<\/a>. Ha contado con la participaci\u00f3n de la directora de UNED Madrid<a href=\"https:\/\/www.uned.es\/universidad\/docentes\/economicas-empresariales\/claudia-sevilla-sevilla.html\" target=\"_blank\" rel=\"noopener\">, Claudia Sevilla<\/a>, y de\u00a0<a href=\"https:\/\/www.uned.es\/universidad\/docentes\/politicas-sociologia\/m-marta-moreno-gonzalez.html#otras\" target=\"_blank\" rel=\"noopener\">Marta Moreno<\/a>, vicerrectora adjunta de Cursos de Verano de la UNED, quienes han resaltado que \u201ccontamos con la mayor oferta y la mayor cobertura del pa\u00eds\u201d, posicionando a la universidad como un verdadero referente en el panorama universitario. El rector ha destacado que los cursos son &#8220;una esencia diferencial, que ya es sin\u00f3nimo de excelencia dicente&#8221;, seguido el vicerrector, Jes\u00fas de Andr\u00e9s, quien ha opinado que \u201clos alumnos se quitan la presi\u00f3n de los ex\u00e1menes\u201d durante los cursos para cambiarla por \u201cuna actitud l\u00fadica del aprendizaje\u201d.<\/strong><\/p>\n<p><img decoding=\"async\" src=\"https:\/\/comunicacion.uned.es\/_files\/_event\/_99942\/_header_img\/_139260.jpg\" alt=\"\" \/><\/p>\n<p>Durante el acto de presentaci\u00f3n,\u00a0<strong>el rector, Ricardo Mairal,\u00a0<\/strong>ha dado las gracias a todos los centros UNED por hacer posible el despiegue territorial de lo que ya se conoce como &#8220;el mayor campus de Europa&#8221;, haciendo llegar la cultura a territorios atravesados por el\u00a0<strong>reto demogr\u00e1fico o que pertenecen a la Espa\u00f1a Vaciada.<\/strong>\u00a0Tambi\u00e9n ha destacado &#8220;el firme compromiso con la igualdad de oportunidades&#8221;, algo que la UNED recogi\u00f3 en sus principios fundacionales y que se traduce en la participaci\u00f3n de centros penitenciarios en otra edici\u00f3n m\u00e1s de los cursos.\u00a0<strong>&#8220;A trav\u00e9s de la educaci\u00f3n es posible la reinserci\u00f3n social&#8221;<\/strong>, ha declarado Ricardo Mairal, en agradecimiento al Ministerio de Interior, que ha posibilitado de nuevo su participaci\u00f3n. Tambi\u00e9n al Banco Santander, por seguir apostando por la realizaci\u00f3n de los cursos.<\/p>\n<p>La edici\u00f3n\u00a0<strong>2023 de los Cursos de Verano<\/strong>\u00a0contar\u00e1 con\u00a0<strong>155 t\u00edtulos<\/strong>\u00a0distintos que se ofrecer\u00e1n en modalidad online y presencial, y que ser\u00e1n impartidos entre el<strong>\u00a019 de junio y el 28 de septiembre\u00a0<\/strong>en\u00a0<strong>67 sedes repartidas entre los 40 centros UNED que participan en esta convocatoria junto a\u00a0\u00a0entidades colaboradoras<\/strong>\u00a0repartidas por todo el mapa nacional y a las que se suma Lisboa. La UNED contin\u00faa llevando sus curso de verano a diversos\u00a0<strong>Centros Penitenciarios del pa\u00eds<\/strong>\u00a0con la intenci\u00f3n de llegar a todas las capas de la sociedad y\u00a0trabajar por la igualdad y la inclusi\u00f3n social de hombres y mujeres de la comunidad penitenciaria. \u201cA estos cursos tambi\u00e9n pueden asistir alumnos externos [\u2026] ya que normalizan la experiencia educativa en este contexto\u201d, declaraba Marta Moreno. El director general de Instituciones Penitenciarias,\u00a0<strong>Miguel \u00c1ngel Vicente<\/strong>, ha agradecido la oportunidad de participar en los cursos, resaltando &#8220;el valor innegociable que nos ofrece la educaci\u00f3n&#8221; para la reinserci\u00f3n de las reclusas y los reclusos, sobre todo para las mujeres internas, quienes arrastran otras problem\u00e1ticas y habitan un ambiente muy masculinizado.\u00a0<strong>&#8220;Los centros penitenciarios son servicios p\u00fablicos<\/strong>. Todos reclamar\u00edamos que cerca de nuestra casa tuvi\u00e9ramos el mejor hospital o el mejor colegio. Igual pasa con las prisiones&#8221;, ha declarado durante su intervenci\u00f3n.<\/p>\n<p>\u00a0 \u00a0 \u00a0 \u00a0 \u00a0 \u00a0 <img decoding=\"async\" src=\"https:\/\/comunicacion.uned.es\/_files\/_event\/_99942\/_header_img\/_139248.jpg\" alt=\"\" \/><\/p>\n<p>La matriculaci\u00f3n estar\u00e1 disponible desde hoy y hasta el comienzo de cada uno de los cursos y no es necesario poseer ning\u00fan t\u00edtulo, salvo indicaci\u00f3n expresa de la direcci\u00f3n del curso.\u00a0<strong>Todas las personas interesadas mayores de 18 a\u00f1os podr\u00e1n matricularse en el curso de forma telem\u00e1tica<\/strong>. Adem\u00e1s, tendr\u00e1n matr\u00edcula reducida como mayores de 65 a\u00f1os, desempleados, v\u00edctimas de violencia de g\u00e9nero, adem\u00e1s de aquellos pertenecientes a la comunidad de la UNED, entre otros grupos, presentando la documentaci\u00f3n pertinente en cada caso. La directora de UNED Madrid,\u00a0<strong>Claudia Sevilla,<\/strong>\u00a0ha animado a todos los alumnos a que &#8220;acudan de manera presencial a los cursos para tener la oportunidad de estrechar relaciones con otros participantes y beneficiarse de las posibilidades profesionales&#8221;.<\/p>\n<p>Los cursos se renuevan cada a\u00f1o para ajustarse a una oferta cada vez m\u00e1s cambiante motivada por las transformaciones de la sociedad. \u00a0Entre las diversas ramas ofrecidas se puede destacar la abundancia de cursos en el \u00e1rea de Humanidades y Artes, Ciencias Jur\u00eddicas, o\/y Psicolog\u00eda y salud, sin dejar de lado los cursos de idiomas y formaciones en Ciencias como Ingenier\u00eda o Inform\u00e1tica. Por otro lado,\u00a0<strong>sus organizadores buscan promover los valores de justicia social, accesibilidad y universidad abierta que caracteriza a la UNED,<\/strong>\u00a0permitiendo que el conocimiento llegue a toda la sociedad. Entre los miembros y ponentes acad\u00e9micos, destaca la participaci\u00f3n de 1.110 profesores, de todas las \u00e1reas del conocimiento, y especialistas nacionales e internacionales de diferentes organismos y universidades como Maryland, York o Harvard.<\/p>\n","protected":false},"excerpt":{"rendered":"<p>La UNED presenta sus Cursos de Verano 2023 La presentaci\u00f3n de la\u00a034.\u00aa edici\u00f3n de los Cursos de Verano<\/p>\n","protected":false},"author":1,"featured_media":1980,"comment_status":"closed","ping_status":"closed","sticky":false,"template":"","format":"standard","meta":[],"categories":[10],"tags":[],"_links":{"self":[{"href":"http:\/\/comunicacion.unedzamora.es\/index.php\/wp-json\/wp\/v2\/posts\/1790"}],"collection":[{"href":"http:\/\/comunicacion.unedzamora.es\/index.php\/wp-json\/wp\/v2\/posts"}],"about":[{"href":"http:\/\/comunicacion.unedzamora.es\/index.php\/wp-json\/wp\/v2\/types\/post"}],"author":[{"embeddable":true,"href":"http:\/\/comunicacion.unedzamora.es\/index.php\/wp-json\/wp\/v2\/users\/1"}],"replies":[{"embeddable":true,"href":"http:\/\/comunicacion.unedzamora.es\/index.php\/wp-json\/wp\/v2\/comments?post=1790"}],"version-history":[{"count":20,"href":"http:\/\/comunicacion.unedzamora.es\/index.php\/wp-json\/wp\/v2\/posts\/1790\/revisions"}],"predecessor-version":[{"id":1994,"href":"http:\/\/comunicacion.unedzamora.es\/index.php\/wp-json\/wp\/v2\/posts\/1790\/revisions\/1994"}],"wp:featuredmedia":[{"embeddable":true,"href":"http:\/\/comunicacion.unedzamora.es\/index.php\/wp-json\/wp\/v2\/media\/1980"}],"wp:attachment":[{"href":"http:\/\/comunicacion.unedzamora.es\/index.php\/wp-json\/wp\/v2\/media?parent=1790"}],"wp:term":[{"taxonomy":"category","embeddable":true,"href":"http:\/\/comunicacion.unedzamora.es\/index.php\/wp-json\/wp\/v2\/categories?post=1790"},{"taxonomy":"post_tag","embeddable":true,"href":"http:\/\/comunicacion.unedzamora.es\/index.php\/wp-json\/wp\/v2\/tags?post=1790"}],"curies":[{"name":"wp","href":"https:\/\/api.w.org\/{rel}","templated":true}]}}