{"id":1846,"date":"2023-02-02T08:13:51","date_gmt":"2023-02-02T08:13:51","guid":{"rendered":"http:\/\/comunicacion.unedzamora.es\/?p=1846"},"modified":"2023-07-20T08:03:38","modified_gmt":"2023-07-20T08:03:38","slug":"abrimos-segundo-plazo-de-matricula-para-grados-masteres-y-microtitulos","status":"publish","type":"post","link":"http:\/\/comunicacion.unedzamora.es\/index.php\/2023\/02\/02\/abrimos-segundo-plazo-de-matricula-para-grados-masteres-y-microtitulos\/","title":{"rendered":"\u00a1Abrimos! Segundo plazo de matr\u00edcula para Grados, M\u00e1steres y Microt\u00edtulos"},"content":{"rendered":"<style>\/*! elementor - v3.14.0 - 26-06-2023 *\/<br \/>\n.elementor-column .elementor-spacer-inner{height:var(--spacer-size)}.e-con{--container-widget-width:100%}.e-con-inner>.elementor-widget-spacer,.e-con>.elementor-widget-spacer{width:var(--container-widget-width,var(--spacer-size));--align-self:var(--container-widget-align-self,initial);--flex-shrink:0}.e-con-inner>.elementor-widget-spacer>.elementor-widget-container,.e-con-inner>.elementor-widget-spacer>.elementor-widget-container>.elementor-spacer,.e-con>.elementor-widget-spacer>.elementor-widget-container,.e-con>.elementor-widget-spacer>.elementor-widget-container>.elementor-spacer{height:100%}.e-con-inner>.elementor-widget-spacer>.elementor-widget-container>.elementor-spacer>.elementor-spacer-inner,.e-con>.elementor-widget-spacer>.elementor-widget-container>.elementor-spacer>.elementor-spacer-inner{height:var(--container-widget-height,var(--spacer-size))}<\/style>\n<style>\/*! elementor - v3.14.0 - 26-06-2023 *\/<br \/>\n.elementor-heading-title{padding:0;margin:0;line-height:1}.elementor-widget-heading .elementor-heading-title[class*=elementor-size-]>a{color:inherit;font-size:inherit;line-height:inherit}.elementor-widget-heading .elementor-heading-title.elementor-size-small{font-size:15px}.elementor-widget-heading .elementor-heading-title.elementor-size-medium{font-size:19px}.elementor-widget-heading .elementor-heading-title.elementor-size-large{font-size:29px}.elementor-widget-heading .elementor-heading-title.elementor-size-xl{font-size:39px}.elementor-widget-heading .elementor-heading-title.elementor-size-xxl{font-size:59px}<\/style>\n<h2>\u00a1Abrimos! Segundo plazo de matr\u00edcula para Grados, M\u00e1steres y Microt\u00edtulos<\/h2>\n<p>Tanto si deseas iniciar tus estudios como ampliar el n\u00famero de asignaturas, desde el&nbsp;<b>2 de febrero al 10 de marzo de 2023<\/b>, cuentas con el&nbsp;<b>periodo de matriculaci\u00f3n abierto del segundo cuatrimestre en Grados, M\u00e1steres y Microt\u00edtulos.<\/b><\/p>\n<p><img decoding=\"async\" loading=\"lazy\" src=\"https:\/\/comunicacion.uned.es\/_files\/_event\/_94190\/_editorFiles\/file\/pexels-andrea-piacquadio-761993.jpg\" alt=\"Segundo plazo de matriculaci\u00f3n UNED \" width=\"302\" height=\"433\"><\/p>\n<p>\u2714\ufe0f Matric\u00falate en el segundo cuatrimestre de un&nbsp;<strong>Grado o Grado Combinado&nbsp;<\/strong>si:<\/p>\n<p>&#8211; Eres nuevo en la UNED.<\/p>\n<p>&#8211; Has empezado este a\u00f1o en la UNED y te has matriculado de al menos 36 cr\u00e9ditos.<\/p>\n<p>&#8211; No es tu primer a\u00f1o en la UNED y te matriculaste de un m\u00ednimo de 30 cr\u00e9ditos.<\/p>\n<p><a href=\"https:\/\/descargas.uned.es\/publico\/pdf\/Normativa_matricula_febrero_grados_23.pdf\">M\u00e1s informaci\u00f3n<\/a><\/p>\n<p>\u2714\ufe0f Puedes matricularte en un&nbsp;<strong>M\u00e1ster<\/strong>&nbsp;si eres:<\/p>\n<p>&#8211; Estudiante admitido en preinscripci\u00f3n del curso 2022\/2023 sin matricular y cuentas con la autorizaci\u00f3n de la Comisi\u00f3n Coordinadora del m\u00e1ster.<\/p>\n<p>&#8211; Estudiante matriculado en un m\u00ednimo de 20 cr\u00e9ditos del primer periodo de matr\u00edcula 2022\/2023.<\/p>\n<p>&#8211; Estudiante matriculado, independientemente de los cr\u00e9ditos, que como m\u00e1ximo le faltan dos asignaturas para concluir el plan de estudios m\u00e1s el TFM y has sido autorizado por la Comisi\u00f3n Coordinadora del m\u00e1ster.<\/p>\n<p><a href=\"https:\/\/descargas.uned.es\/publico\/pdf\/Normativa_matricula_febrero_master_23.pdf\">M\u00e1s informaci\u00f3n<\/a><\/p>\n<p>\u2714\ufe0f Comienza ahora un&nbsp;<strong>Microt\u00edtulo<\/strong>:<\/p>\n<p>Esta ense\u00f1anza propia de la UNED, en la que somos pioneros, facilita la adquisici\u00f3n de nuevas competencias para poder responder a los r\u00e1pidos cambios sociales y tecnol\u00f3gicos de nuestro tiempo.<\/p>\n<p>&nbsp; &nbsp;&nbsp;<a href=\"https:\/\/descargas.uned.es\/publico\/pdf\/Normativa_matricula_febrero_microgrados_23.pdf\">M\u00e1s informaci\u00f3n<\/a><\/p>\n<p>Matricularse en la UNED supone convertirte en el protagonista de tu propio aprendizaje, as\u00ed como entrar a la universidad p\u00fablica m\u00e1s grande de Espa\u00f1a, tanto en n\u00famero de estudiantes como en oferta acad\u00e9mica y estudiar en el mayor campus de Europa.<\/p>\n<p>M\u00e1s de 200.000 estudiantes conf\u00edan cada a\u00f1o en la UNED y disfrutan de un sistema de aprendizaje innovador que combina la docencia online y el acompa\u00f1amiento presencial soportado por una plataforma tecnol\u00f3gica multidispositivo en constante evoluci\u00f3n, gracias a la integraci\u00f3n de la Inteligencia Artificial. Con ella, la UNED ofrece un modelo flexible y adaptado a las necesidades individuales de cada uno de sus alumnos, mientras potencia el aprendizaje activo y aporta calidad a la ense\u00f1anza.<\/p>\n<p>Conoce m\u00e1s sobre nuestra&nbsp;<strong><a href=\"https:\/\/www.uned.es\/universidad\/inicio\/estudios.html\">oferta acad\u00e9mica<\/a>.<\/strong><\/p>\n<p><strong>Inicia el proceso de matriculaci\u00f3n&nbsp;<a href=\"https:\/\/app.uned.es\/portal\/admision-matricula-por-internet\">aqu\u00ed<\/a>.<\/strong><\/p>\n","protected":false},"excerpt":{"rendered":"<p>\u00a1Abrimos! Segundo plazo de matr\u00edcula para Grados, M\u00e1steres y Microt\u00edtulos Tanto si deseas iniciar tus estudios como ampliar<\/p>\n","protected":false},"author":1,"featured_media":2162,"comment_status":"closed","ping_status":"closed","sticky":false,"template":"","format":"standard","meta":[],"categories":[10],"tags":[],"_links":{"self":[{"href":"http:\/\/comunicacion.unedzamora.es\/index.php\/wp-json\/wp\/v2\/posts\/1846"}],"collection":[{"href":"http:\/\/comunicacion.unedzamora.es\/index.php\/wp-json\/wp\/v2\/posts"}],"about":[{"href":"http:\/\/comunicacion.unedzamora.es\/index.php\/wp-json\/wp\/v2\/types\/post"}],"author":[{"embeddable":true,"href":"http:\/\/comunicacion.unedzamora.es\/index.php\/wp-json\/wp\/v2\/users\/1"}],"replies":[{"embeddable":true,"href":"http:\/\/comunicacion.unedzamora.es\/index.php\/wp-json\/wp\/v2\/comments?post=1846"}],"version-history":[{"count":11,"href":"http:\/\/comunicacion.unedzamora.es\/index.php\/wp-json\/wp\/v2\/posts\/1846\/revisions"}],"predecessor-version":[{"id":2163,"href":"http:\/\/comunicacion.unedzamora.es\/index.php\/wp-json\/wp\/v2\/posts\/1846\/revisions\/2163"}],"wp:featuredmedia":[{"embeddable":true,"href":"http:\/\/comunicacion.unedzamora.es\/index.php\/wp-json\/wp\/v2\/media\/2162"}],"wp:attachment":[{"href":"http:\/\/comunicacion.unedzamora.es\/index.php\/wp-json\/wp\/v2\/media?parent=1846"}],"wp:term":[{"taxonomy":"category","embeddable":true,"href":"http:\/\/comunicacion.unedzamora.es\/index.php\/wp-json\/wp\/v2\/categories?post=1846"},{"taxonomy":"post_tag","embeddable":true,"href":"http:\/\/comunicacion.unedzamora.es\/index.php\/wp-json\/wp\/v2\/tags?post=1846"}],"curies":[{"name":"wp","href":"https:\/\/api.w.org\/{rel}","templated":true}]}}