{"id":2367,"date":"2023-09-15T16:23:59","date_gmt":"2023-09-15T16:23:59","guid":{"rendered":"http:\/\/comunicacion.unedzamora.es\/?p=2367"},"modified":"2023-09-22T18:32:10","modified_gmt":"2023-09-22T18:32:10","slug":"se-realizaran-matriculas-en-salamanca","status":"publish","type":"post","link":"http:\/\/comunicacion.unedzamora.es\/index.php\/2023\/09\/15\/se-realizaran-matriculas-en-salamanca\/","title":{"rendered":"Informaci\u00f3n y orientaci\u00f3n al alumno en Salamanca"},"content":{"rendered":"<style>\/*! elementor - v3.15.0 - 20-08-2023 *\/<br \/>\n.elementor-column .elementor-spacer-inner{height:var(--spacer-size)}.e-con{--container-widget-width:100%}.e-con-inner>.elementor-widget-spacer,.e-con>.elementor-widget-spacer{width:var(--container-widget-width,var(--spacer-size));--align-self:var(--container-widget-align-self,initial);--flex-shrink:0}.e-con-inner>.elementor-widget-spacer>.elementor-widget-container,.e-con-inner>.elementor-widget-spacer>.elementor-widget-container>.elementor-spacer,.e-con>.elementor-widget-spacer>.elementor-widget-container,.e-con>.elementor-widget-spacer>.elementor-widget-container>.elementor-spacer{height:100%}.e-con-inner>.elementor-widget-spacer>.elementor-widget-container>.elementor-spacer>.elementor-spacer-inner,.e-con>.elementor-widget-spacer>.elementor-widget-container>.elementor-spacer>.elementor-spacer-inner{height:var(--container-widget-height,var(--spacer-size))}<\/style>\n<style>\/*! elementor - v3.15.0 - 20-08-2023 *\/<br \/>\n.elementor-heading-title{padding:0;margin:0;line-height:1}.elementor-widget-heading .elementor-heading-title[class*=elementor-size-]>a{color:inherit;font-size:inherit;line-height:inherit}.elementor-widget-heading .elementor-heading-title.elementor-size-small{font-size:15px}.elementor-widget-heading .elementor-heading-title.elementor-size-medium{font-size:19px}.elementor-widget-heading .elementor-heading-title.elementor-size-large{font-size:29px}.elementor-widget-heading .elementor-heading-title.elementor-size-xl{font-size:39px}.elementor-widget-heading .elementor-heading-title.elementor-size-xxl{font-size:59px}<\/style>\n<h2><font color=\"#5c9f38\">Informaci\u00f3n y orientaci\u00f3n al alumno en Salamanca<\/font><\/h2>\n<style>\/*! elementor - v3.15.0 - 20-08-2023 *\/<br \/>\n.elementor-widget-image{text-align:center}.elementor-widget-image a{display:inline-block}.elementor-widget-image a img[src$=\".svg\"]{width:48px}.elementor-widget-image img{vertical-align:middle;display:inline-block}<\/style>\n<p>\t\t\t\t\t\t\t\t\t\t\t\t<img decoding=\"async\" src=\"http:\/\/comunicacion.unedzamora.es\/wp-content\/uploads\/elementor\/thumbs\/secretaria-2-2-qcgcdebqezhvwad23xzpqeukfpbw0o1vg99r782h0g.png\" title=\"secretaria 2-2\" alt=\"secretaria 2-2\" loading=\"lazy\"><\/p>\n<p><b>Campa\u00f1a de matriculaci\u00f3n de la UNED de Zamora en Salamanca. Curso 2023\/2024<\/b><\/p>\n<p><b><br \/>\n<\/b><b>Para los estudios de Grado, Microgrado, M\u00e1ster, Idiomas y el Curso de Acceso a la Universidad para mayores de 25 y 45 a\u00f1os.<\/b><\/p>\n<p>La UNED de Zamora mantiene abiertos los plazos de matr\u00edcula para el nuevo curso acad\u00e9mico 2023\/24 y desde este lunes 18 de septiembre, prestar\u00e1 servicios de informaci\u00f3n y orientaci\u00f3n en Salamanca. Como se ha venido haciendo estos \u00faltimos a\u00f1os, cada estudiante debe realizar su matr\u00edcula por Internet hasta el 23 de octubre (<a style=\"font-size: 14pt;\" href=\"http:\/\/www.uned.es\">www.uned.es<\/a>). No obstante, si lo desea, puede solicitar ayuda para formalizarla o bien ser asesorado en la elecci\u00f3n de asignaturas, acudiendo al Espacio Joven del Ayuntamiento (C\/ Jos\u00e9 Ja\u00faregui 16) donde, todos los interesados en cursar sus estudios en la UNED, podr\u00e1n dirigirse de lunes a jueves, hasta el 23 de octubre, en horario de 9:30 a 13:30 y de 17:00 a 19:30h. &nbsp;Adem\u00e1s, aquellos alumnos e interesados en apuntarse a la UNED, que residan en la provincia de Salamanca, podr\u00e1n tambi\u00e9n realizar su matr\u00edcula en las Aulas Universitarias de la UNED de B\u00e9jar y Ciudad Rodrigo.<\/p>\n<p>M\u00e1s informaci\u00f3n: <a href=\"http:\/\/www.unedzamora.es\/\">http:\/\/www.unedzamora.es\/<\/a> en Facebook, Twitter, Instagram y Tik Tok.<\/p>\n","protected":false},"excerpt":{"rendered":"<p>Informaci\u00f3n y orientaci\u00f3n al alumno en Salamanca Campa\u00f1a de matriculaci\u00f3n de la UNED de Zamora en Salamanca. Curso<\/p>\n","protected":false},"author":4,"featured_media":2380,"comment_status":"closed","ping_status":"closed","sticky":false,"template":"","format":"standard","meta":[],"categories":[10],"tags":[],"_links":{"self":[{"href":"http:\/\/comunicacion.unedzamora.es\/index.php\/wp-json\/wp\/v2\/posts\/2367"}],"collection":[{"href":"http:\/\/comunicacion.unedzamora.es\/index.php\/wp-json\/wp\/v2\/posts"}],"about":[{"href":"http:\/\/comunicacion.unedzamora.es\/index.php\/wp-json\/wp\/v2\/types\/post"}],"author":[{"embeddable":true,"href":"http:\/\/comunicacion.unedzamora.es\/index.php\/wp-json\/wp\/v2\/users\/4"}],"replies":[{"embeddable":true,"href":"http:\/\/comunicacion.unedzamora.es\/index.php\/wp-json\/wp\/v2\/comments?post=2367"}],"version-history":[{"count":5,"href":"http:\/\/comunicacion.unedzamora.es\/index.php\/wp-json\/wp\/v2\/posts\/2367\/revisions"}],"predecessor-version":[{"id":2374,"href":"http:\/\/comunicacion.unedzamora.es\/index.php\/wp-json\/wp\/v2\/posts\/2367\/revisions\/2374"}],"wp:featuredmedia":[{"embeddable":true,"href":"http:\/\/comunicacion.unedzamora.es\/index.php\/wp-json\/wp\/v2\/media\/2380"}],"wp:attachment":[{"href":"http:\/\/comunicacion.unedzamora.es\/index.php\/wp-json\/wp\/v2\/media?parent=2367"}],"wp:term":[{"taxonomy":"category","embeddable":true,"href":"http:\/\/comunicacion.unedzamora.es\/index.php\/wp-json\/wp\/v2\/categories?post=2367"},{"taxonomy":"post_tag","embeddable":true,"href":"http:\/\/comunicacion.unedzamora.es\/index.php\/wp-json\/wp\/v2\/tags?post=2367"}],"curies":[{"name":"wp","href":"https:\/\/api.w.org\/{rel}","templated":true}]}}