{"id":2424,"date":"2023-10-25T18:51:31","date_gmt":"2023-10-25T18:51:31","guid":{"rendered":"http:\/\/comunicacion.unedzamora.es\/?p=2424"},"modified":"2023-10-25T19:07:38","modified_gmt":"2023-10-25T19:07:38","slug":"inaugurado-el-iii-congreso-de-historia-de-zamora","status":"publish","type":"post","link":"http:\/\/comunicacion.unedzamora.es\/index.php\/2023\/10\/25\/inaugurado-el-iii-congreso-de-historia-de-zamora\/","title":{"rendered":"Inaugurado el III Congreso de Historia de Zamora."},"content":{"rendered":"<style>\/*! elementor - v3.15.0 - 20-08-2023 *\/\n.elementor-column .elementor-spacer-inner{height:var(--spacer-size)}.e-con{--container-widget-width:100%}.e-con-inner>.elementor-widget-spacer,.e-con>.elementor-widget-spacer{width:var(--container-widget-width,var(--spacer-size));--align-self:var(--container-widget-align-self,initial);--flex-shrink:0}.e-con-inner>.elementor-widget-spacer>.elementor-widget-container,.e-con-inner>.elementor-widget-spacer>.elementor-widget-container>.elementor-spacer,.e-con>.elementor-widget-spacer>.elementor-widget-container,.e-con>.elementor-widget-spacer>.elementor-widget-container>.elementor-spacer{height:100%}.e-con-inner>.elementor-widget-spacer>.elementor-widget-container>.elementor-spacer>.elementor-spacer-inner,.e-con>.elementor-widget-spacer>.elementor-widget-container>.elementor-spacer>.elementor-spacer-inner{height:var(--container-widget-height,var(--spacer-size))}<\/style>\n<style>\/*! elementor - v3.15.0 - 20-08-2023 *\/\n.elementor-heading-title{padding:0;margin:0;line-height:1}.elementor-widget-heading .elementor-heading-title[class*=elementor-size-]>a{color:inherit;font-size:inherit;line-height:inherit}.elementor-widget-heading .elementor-heading-title.elementor-size-small{font-size:15px}.elementor-widget-heading .elementor-heading-title.elementor-size-medium{font-size:19px}.elementor-widget-heading .elementor-heading-title.elementor-size-large{font-size:29px}.elementor-widget-heading .elementor-heading-title.elementor-size-xl{font-size:39px}.elementor-widget-heading .elementor-heading-title.elementor-size-xxl{font-size:59px}<\/style>\n<h2>\n<section data-id=\"1518c8f\" data-element_type=\"section\" style=\"flex-basis: var(--flex-basis); flex-grow: var(--flex-grow); flex-shrink: var(--flex-shrink); order: var(--order); align-self: var(--align-self); --swiper-theme-color: #000; --swiper-navigation-size: 44px; --swiper-pagination-bullet-size: 6px; --swiper-pagination-bullet-horizontal-gap: 6px; --widgets-spacing: 20px; font-family: -apple-system, system-ui, BlinkMacSystemFont, &quot;Segoe UI&quot;, Helvetica, Arial, sans-serif, &quot;Apple Color Emoji&quot;, &quot;Segoe UI Emoji&quot;, &quot;Segoe UI Symbol&quot;; font-size: 17px; font-weight: 400; white-space-collapse: collapse;\">\n<h2 style=\"font-family: var( --e-global-typography-primary-font-family ), Sans-serif; font-style: normal; font-weight: var( --e-global-typography-primary-font-weight );\"><font color=\"#5c9f38\">Inaugurado el III Congreso de Historia de Zamora<\/font><\/h2>\n<\/section>\n<\/h2>\n<p>A las 20:00 h. ha tenido lugar el Acto de Apertura del III Congreso de Historia de Zamora, con las intervenciones de:<\/p>\n<ul>\n<li>Marco Antonio Mart\u00edn Bail\u00f3n, Presidente del Instituto de Estudios Zamoranos Flori\u00e1n de Ocampo.<\/li>\n<li>Antonio Rodr\u00edguez Gonz\u00e1lez, Director de UNED Zamora.<\/li>\n<li>Ernesto Fern\u00e1ndez-Xesta y V\u00e1zquez, Presidente de la Confederaci\u00f3n Espa\u00f1ola de Centros de Estudios Locales (CECEL).<\/li>\n<li>Pablo Novo Espi\u00f1eira, Concejal de Obras del Ayuntamiento de Zamora.<\/li>\n<li>Javier Fa\u00fandez Dom\u00ednguez, Presidente de la Diputaci\u00f3n de Zamora, quien declar\u00f3 inaugurado el Congreso.<\/li>\n<\/ul>\n<p>El Director de UNED Zamora, entidad que colabora en el desarrollo y la gesti\u00f3n de dicho Congreso, ha se\u00f1alado la importancia de continuar investigando sobre nuestro territorio, nuestra provincia.<\/p>\n<p>Ejemplo de ello ser\u00e1n las comunicaciones que se presentar\u00e1n en este congreso. La UNED de Zamora y el Instituto Flori\u00e1n de Ocampo comparten objetivos comunes, como el fomento de la investigaci\u00f3n, la divulgaci\u00f3n de la ciencia y la transferencia de conocimiento, entre otros.<\/p>\n<p>Colaboramos en el desarrollo del I Congreso de Historia de Zamora en 1988,\u00a0 al igual que en el a\u00f1o 2003, en la II edici\u00f3n, y ahora en este tercer encuentro. Los buenos resultados se ver\u00e1n a lo largo de estos 4 pr\u00f3ximos d\u00edas y se continuar\u00e1n viendo en el futuro.<\/p>\n<p>La presentaci\u00f3n inaugural ha corrido a cargo del catedr\u00e1tico em\u00e9rito de historia medieval de la Universidad de Valladolid, D. Pascual Mart\u00ednez Sopera con la ponencia de apertura Zamora y las villas de Zamora entre las villas medievales de Le\u00f3n Y Castilla.<\/p>\n<p>\u00a0<\/p>\n<style>\/*! elementor - v3.15.0 - 20-08-2023 *\/\n.elementor-widget-image{text-align:center}.elementor-widget-image a{display:inline-block}.elementor-widget-image a img[src$=\".svg\"]{width:48px}.elementor-widget-image img{vertical-align:middle;display:inline-block}<\/style>\n<p>\t\t\t\t\t\t\t\t\t\t\t\t<img decoding=\"async\" width=\"1024\" height=\"768\" src=\"http:\/\/comunicacion.unedzamora.es\/wp-content\/uploads\/2023\/10\/WhatsApp-Image-2023-10-25-at-20.46.14-1024x768.jpeg\" alt=\"\" loading=\"lazy\" srcset=\"http:\/\/comunicacion.unedzamora.es\/wp-content\/uploads\/2023\/10\/WhatsApp-Image-2023-10-25-at-20.46.14-1024x768.jpeg 1024w, http:\/\/comunicacion.unedzamora.es\/wp-content\/uploads\/2023\/10\/WhatsApp-Image-2023-10-25-at-20.46.14-300x225.jpeg 300w, http:\/\/comunicacion.unedzamora.es\/wp-content\/uploads\/2023\/10\/WhatsApp-Image-2023-10-25-at-20.46.14-768x576.jpeg 768w, http:\/\/comunicacion.unedzamora.es\/wp-content\/uploads\/2023\/10\/WhatsApp-Image-2023-10-25-at-20.46.14-1536x1152.jpeg 1536w, http:\/\/comunicacion.unedzamora.es\/wp-content\/uploads\/2023\/10\/WhatsApp-Image-2023-10-25-at-20.46.14.jpeg 2048w\" sizes=\"(max-width: 1024px) 100vw, 1024px\" \/><br \/>\n\t\t\t\t\t\t\t\t\t\t\t\t\t\t\t<img decoding=\"async\" width=\"1024\" height=\"768\" src=\"http:\/\/comunicacion.unedzamora.es\/wp-content\/uploads\/2023\/10\/WhatsApp-Image-2023-10-25-at-20.46.11-1024x768.jpeg\" alt=\"\" loading=\"lazy\" srcset=\"http:\/\/comunicacion.unedzamora.es\/wp-content\/uploads\/2023\/10\/WhatsApp-Image-2023-10-25-at-20.46.11-1024x768.jpeg 1024w, http:\/\/comunicacion.unedzamora.es\/wp-content\/uploads\/2023\/10\/WhatsApp-Image-2023-10-25-at-20.46.11-300x225.jpeg 300w, http:\/\/comunicacion.unedzamora.es\/wp-content\/uploads\/2023\/10\/WhatsApp-Image-2023-10-25-at-20.46.11-768x576.jpeg 768w, http:\/\/comunicacion.unedzamora.es\/wp-content\/uploads\/2023\/10\/WhatsApp-Image-2023-10-25-at-20.46.11-1536x1152.jpeg 1536w, http:\/\/comunicacion.unedzamora.es\/wp-content\/uploads\/2023\/10\/WhatsApp-Image-2023-10-25-at-20.46.11.jpeg 2048w\" sizes=\"(max-width: 1024px) 100vw, 1024px\" \/><\/p>\n","protected":false},"excerpt":{"rendered":"<p>Inaugurado el III Congreso de Historia de Zamora A las 20:00 h. ha tenido lugar el Acto de<\/p>\n","protected":false},"author":4,"featured_media":2430,"comment_status":"closed","ping_status":"closed","sticky":false,"template":"","format":"standard","meta":[],"categories":[10],"tags":[],"_links":{"self":[{"href":"http:\/\/comunicacion.unedzamora.es\/index.php\/wp-json\/wp\/v2\/posts\/2424"}],"collection":[{"href":"http:\/\/comunicacion.unedzamora.es\/index.php\/wp-json\/wp\/v2\/posts"}],"about":[{"href":"http:\/\/comunicacion.unedzamora.es\/index.php\/wp-json\/wp\/v2\/types\/post"}],"author":[{"embeddable":true,"href":"http:\/\/comunicacion.unedzamora.es\/index.php\/wp-json\/wp\/v2\/users\/4"}],"replies":[{"embeddable":true,"href":"http:\/\/comunicacion.unedzamora.es\/index.php\/wp-json\/wp\/v2\/comments?post=2424"}],"version-history":[{"count":27,"href":"http:\/\/comunicacion.unedzamora.es\/index.php\/wp-json\/wp\/v2\/posts\/2424\/revisions"}],"predecessor-version":[{"id":2460,"href":"http:\/\/comunicacion.unedzamora.es\/index.php\/wp-json\/wp\/v2\/posts\/2424\/revisions\/2460"}],"wp:featuredmedia":[{"embeddable":true,"href":"http:\/\/comunicacion.unedzamora.es\/index.php\/wp-json\/wp\/v2\/media\/2430"}],"wp:attachment":[{"href":"http:\/\/comunicacion.unedzamora.es\/index.php\/wp-json\/wp\/v2\/media?parent=2424"}],"wp:term":[{"taxonomy":"category","embeddable":true,"href":"http:\/\/comunicacion.unedzamora.es\/index.php\/wp-json\/wp\/v2\/categories?post=2424"},{"taxonomy":"post_tag","embeddable":true,"href":"http:\/\/comunicacion.unedzamora.es\/index.php\/wp-json\/wp\/v2\/tags?post=2424"}],"curies":[{"name":"wp","href":"https:\/\/api.w.org\/{rel}","templated":true}]}}