{"id":2574,"date":"2024-01-10T19:43:20","date_gmt":"2024-01-10T19:43:20","guid":{"rendered":"http:\/\/comunicacion.unedzamora.es\/?p=2574"},"modified":"2024-01-10T19:46:14","modified_gmt":"2024-01-10T19:46:14","slug":"seminario-web-en-uned-zamora-para-celebrar-el-dia-europeo-de-la-mediacion","status":"publish","type":"post","link":"http:\/\/comunicacion.unedzamora.es\/index.php\/2024\/01\/10\/seminario-web-en-uned-zamora-para-celebrar-el-dia-europeo-de-la-mediacion\/","title":{"rendered":"SEMINARIO WEB EN UNED ZAMORA PARA CELEBRAR EL D\u00cdA EUROPEO DE LA MEDIACI\u00d3N"},"content":{"rendered":"<style>\/*! elementor - v3.15.0 - 20-08-2023 *\/<br \/>\n.elementor-column .elementor-spacer-inner{height:var(--spacer-size)}.e-con{--container-widget-width:100%}.e-con-inner>.elementor-widget-spacer,.e-con>.elementor-widget-spacer{width:var(--container-widget-width,var(--spacer-size));--align-self:var(--container-widget-align-self,initial);--flex-shrink:0}.e-con-inner>.elementor-widget-spacer>.elementor-widget-container,.e-con-inner>.elementor-widget-spacer>.elementor-widget-container>.elementor-spacer,.e-con>.elementor-widget-spacer>.elementor-widget-container,.e-con>.elementor-widget-spacer>.elementor-widget-container>.elementor-spacer{height:100%}.e-con-inner>.elementor-widget-spacer>.elementor-widget-container>.elementor-spacer>.elementor-spacer-inner,.e-con>.elementor-widget-spacer>.elementor-widget-container>.elementor-spacer>.elementor-spacer-inner{height:var(--container-widget-height,var(--spacer-size))}<\/style>\n<style>\/*! elementor - v3.15.0 - 20-08-2023 *\/<br \/>\n.elementor-heading-title{padding:0;margin:0;line-height:1}.elementor-widget-heading .elementor-heading-title[class*=elementor-size-]>a{color:inherit;font-size:inherit;line-height:inherit}.elementor-widget-heading .elementor-heading-title.elementor-size-small{font-size:15px}.elementor-widget-heading .elementor-heading-title.elementor-size-medium{font-size:19px}.elementor-widget-heading .elementor-heading-title.elementor-size-large{font-size:29px}.elementor-widget-heading .elementor-heading-title.elementor-size-xl{font-size:39px}.elementor-widget-heading .elementor-heading-title.elementor-size-xxl{font-size:59px}<\/style>\n<h2>SEMINARIO WEB EN UNED ZAMORA PARA CELEBRAR EL D\u00cdA EUROPEO DE LA MEDIACI\u00d3N<\/h2>\n<style>\/*! elementor - v3.15.0 - 20-08-2023 *\/<br \/>\n.elementor-widget-image{text-align:center}.elementor-widget-image a{display:inline-block}.elementor-widget-image a img[src$=\".svg\"]{width:48px}.elementor-widget-image img{vertical-align:middle;display:inline-block}<\/style>\n<p>\t\t\t\t\t\t\t\t\t\t\t\t<img decoding=\"async\" width=\"300\" height=\"200\" src=\"http:\/\/comunicacion.unedzamora.es\/wp-content\/uploads\/2024\/01\/pexels-andrea-piacquadio-3931604-300x200.jpg\" alt=\"\" loading=\"lazy\" srcset=\"http:\/\/comunicacion.unedzamora.es\/wp-content\/uploads\/2024\/01\/pexels-andrea-piacquadio-3931604-300x200.jpg 300w, http:\/\/comunicacion.unedzamora.es\/wp-content\/uploads\/2024\/01\/pexels-andrea-piacquadio-3931604-1024x683.jpg 1024w, http:\/\/comunicacion.unedzamora.es\/wp-content\/uploads\/2024\/01\/pexels-andrea-piacquadio-3931604-768x512.jpg 768w, http:\/\/comunicacion.unedzamora.es\/wp-content\/uploads\/2024\/01\/pexels-andrea-piacquadio-3931604-1536x1024.jpg 1536w, http:\/\/comunicacion.unedzamora.es\/wp-content\/uploads\/2024\/01\/pexels-andrea-piacquadio-3931604-2048x1365.jpg 2048w\" sizes=\"(max-width: 300px) 100vw, 300px\"><\/p>\n<p>El d\u00eda 21 de enero es el D\u00eda Europeo de la Mediaci\u00f3n.<\/p>\n<p>La UNED de Zamora tiene una dilatada experiencia en la formaci\u00f3n para el ejercicio de la mediaci\u00f3n. En el a\u00f1o 2024 se formar\u00e1 en nuestro centro la 11\u00aa promoci\u00f3n de mediadores.<\/p>\n<p>Desde hace m\u00e1s de once a\u00f1os hemos apostado firmemente por la mediaci\u00f3n como medio para resolver conflictos y hemos puesto especial ilusi\u00f3n en dise\u00f1ar un programa de formaci\u00f3n que permita adquirir las competencias necesarias para ejercer como mediador. Nuestro curso cuenta tambi\u00e9n con la homologaci\u00f3n del Ministerio de Justicia y de la Junta de Castilla y Le\u00f3n.<\/p>\n<p>Este a\u00f1o queremos celebrar el D\u00cdA EUROPEO DE LA MEDIACI\u00d3N organizando un seminario web el pr\u00f3ximo d\u00eda 17 de enero, a las 18 horas, a trav\u00e9s de ZOOM. Por supuesto, es un seminario gratuito y contar\u00e1 con la presencia de alumnos de las diez ediciones anteriores del Curso Superior Universitario de Mediaci\u00f3n Familiar, Civil y Mercantil de&nbsp;UNED ZAMORA, profesores-mediadores de este curso y mediadores profesionales. El objetivo es compartir experiencias, analizar la situaci\u00f3n actual de la mediaci\u00f3n y resolver las dudas que surjan en torno a la mediaci\u00f3n.<\/p>\n<p>La situaci\u00f3n actual de crisis econ\u00f3mica y social, la complejidad de las relaciones interpersonales, la aparici\u00f3n de nuevos actores sociales y la conversi\u00f3n de las instituciones en escenarios con nuevos significados, justifican la necesidad de formar a profesionales polivalentes en los distintos \u00e1mbitos de la mediaci\u00f3n. La figura del mediador y las t\u00e9cnicas de mediaci\u00f3n cobran un protagonismo especial en la actualidad. La labor del mediador ha de basarse en una metodolog\u00eda que le dote de unas herramientas profesionales independientemente de cu\u00e1l sea el escenario de mediaci\u00f3n (civil, mercantil, familiar, escolar, vecinal, intercultural, sanitaria, laboral, etc).&nbsp;<\/p>\n<p>Para inscribirte, solamente tienes que rellenar y enviar el siguiente formulario:<\/p>\n<p><a href=\"https:\/\/forms.office.com\/Pages\/ResponsePage.aspx?id=HkUL-7kxUUGMCVHGldJbCFwSOizUPqBHmdKqtmyfjsRUQUpCMVcxUk5ZMk81UlJPM0pNUkxQTVkyMi4u\">https:\/\/bit.ly\/UNEDZamora<\/a><\/p>\n","protected":false},"excerpt":{"rendered":"<p>SEMINARIO WEB EN UNED ZAMORA PARA CELEBRAR EL D\u00cdA EUROPEO DE LA MEDIACI\u00d3N El d\u00eda 21 de enero<\/p>\n","protected":false},"author":4,"featured_media":2576,"comment_status":"closed","ping_status":"closed","sticky":false,"template":"","format":"standard","meta":[],"categories":[10],"tags":[],"_links":{"self":[{"href":"http:\/\/comunicacion.unedzamora.es\/index.php\/wp-json\/wp\/v2\/posts\/2574"}],"collection":[{"href":"http:\/\/comunicacion.unedzamora.es\/index.php\/wp-json\/wp\/v2\/posts"}],"about":[{"href":"http:\/\/comunicacion.unedzamora.es\/index.php\/wp-json\/wp\/v2\/types\/post"}],"author":[{"embeddable":true,"href":"http:\/\/comunicacion.unedzamora.es\/index.php\/wp-json\/wp\/v2\/users\/4"}],"replies":[{"embeddable":true,"href":"http:\/\/comunicacion.unedzamora.es\/index.php\/wp-json\/wp\/v2\/comments?post=2574"}],"version-history":[{"count":5,"href":"http:\/\/comunicacion.unedzamora.es\/index.php\/wp-json\/wp\/v2\/posts\/2574\/revisions"}],"predecessor-version":[{"id":2580,"href":"http:\/\/comunicacion.unedzamora.es\/index.php\/wp-json\/wp\/v2\/posts\/2574\/revisions\/2580"}],"wp:featuredmedia":[{"embeddable":true,"href":"http:\/\/comunicacion.unedzamora.es\/index.php\/wp-json\/wp\/v2\/media\/2576"}],"wp:attachment":[{"href":"http:\/\/comunicacion.unedzamora.es\/index.php\/wp-json\/wp\/v2\/media?parent=2574"}],"wp:term":[{"taxonomy":"category","embeddable":true,"href":"http:\/\/comunicacion.unedzamora.es\/index.php\/wp-json\/wp\/v2\/categories?post=2574"},{"taxonomy":"post_tag","embeddable":true,"href":"http:\/\/comunicacion.unedzamora.es\/index.php\/wp-json\/wp\/v2\/tags?post=2574"}],"curies":[{"name":"wp","href":"https:\/\/api.w.org\/{rel}","templated":true}]}}