{"id":2638,"date":"2024-02-05T19:43:14","date_gmt":"2024-02-05T19:43:14","guid":{"rendered":"http:\/\/comunicacion.unedzamora.es\/?p=2638"},"modified":"2024-02-06T10:35:28","modified_gmt":"2024-02-06T10:35:28","slug":"abierta-la-matricula-del-segundo-semestre-para-la-uned-senior","status":"publish","type":"post","link":"http:\/\/comunicacion.unedzamora.es\/index.php\/2024\/02\/05\/abierta-la-matricula-del-segundo-semestre-para-la-uned-senior\/","title":{"rendered":"Abierta la matr\u00edcula del segundo semestre para la UNED Senior"},"content":{"rendered":"<style>\/*! elementor - v3.18.0 - 20-12-2023 *\/\n.elementor-column .elementor-spacer-inner{height:var(--spacer-size)}.e-con{--container-widget-width:100%}.e-con-inner>.elementor-widget-spacer,.e-con>.elementor-widget-spacer{width:var(--container-widget-width,var(--spacer-size));--align-self:var(--container-widget-align-self,initial);--flex-shrink:0}.e-con-inner>.elementor-widget-spacer>.elementor-widget-container,.e-con>.elementor-widget-spacer>.elementor-widget-container{height:100%;width:100%}.e-con-inner>.elementor-widget-spacer>.elementor-widget-container>.elementor-spacer,.e-con>.elementor-widget-spacer>.elementor-widget-container>.elementor-spacer{height:100%}.e-con-inner>.elementor-widget-spacer>.elementor-widget-container>.elementor-spacer>.elementor-spacer-inner,.e-con>.elementor-widget-spacer>.elementor-widget-container>.elementor-spacer>.elementor-spacer-inner{height:var(--container-widget-height,var(--spacer-size))}.e-con-inner>.elementor-widget-spacer.elementor-widget-empty,.e-con>.elementor-widget-spacer.elementor-widget-empty{position:relative;min-height:22px;min-width:22px}.e-con-inner>.elementor-widget-spacer.elementor-widget-empty .elementor-widget-empty-icon,.e-con>.elementor-widget-spacer.elementor-widget-empty .elementor-widget-empty-icon{position:absolute;top:0;bottom:0;left:0;right:0;margin:auto;padding:0;width:22px;height:22px}<\/style>\n<style>\/*! elementor - v3.18.0 - 20-12-2023 *\/\n.elementor-heading-title{padding:0;margin:0;line-height:1}.elementor-widget-heading .elementor-heading-title[class*=elementor-size-]>a{color:inherit;font-size:inherit;line-height:inherit}.elementor-widget-heading .elementor-heading-title.elementor-size-small{font-size:15px}.elementor-widget-heading .elementor-heading-title.elementor-size-medium{font-size:19px}.elementor-widget-heading .elementor-heading-title.elementor-size-large{font-size:29px}.elementor-widget-heading .elementor-heading-title.elementor-size-xl{font-size:39px}.elementor-widget-heading .elementor-heading-title.elementor-size-xxl{font-size:59px}<\/style>\n<h2>Se abre la matr\u00edcula para los cursos de UNED SENIOR ZAMORA DEL SEGUNDO SEMESTRE.<\/h2>\n<style>\/*! elementor - v3.18.0 - 20-12-2023 *\/\n.elementor-widget-image{text-align:center}.elementor-widget-image a{display:inline-block}.elementor-widget-image a img[src$=\".svg\"]{width:48px}.elementor-widget-image img{vertical-align:middle;display:inline-block}<\/style>\n<p>\t\t\t\t\t\t\t\t\t\t\t\t<img decoding=\"async\" loading=\"lazy\" width=\"1024\" height=\"328\" src=\"http:\/\/comunicacion.unedzamora.es\/wp-content\/uploads\/2024\/02\/Uned-senior-23-24-1-1024x328.png\" alt=\"\" srcset=\"http:\/\/comunicacion.unedzamora.es\/wp-content\/uploads\/2024\/02\/Uned-senior-23-24-1-1024x328.png 1024w, http:\/\/comunicacion.unedzamora.es\/wp-content\/uploads\/2024\/02\/Uned-senior-23-24-1-300x96.png 300w, http:\/\/comunicacion.unedzamora.es\/wp-content\/uploads\/2024\/02\/Uned-senior-23-24-1-768x246.png 768w, http:\/\/comunicacion.unedzamora.es\/wp-content\/uploads\/2024\/02\/Uned-senior-23-24-1-1536x492.png 1536w, http:\/\/comunicacion.unedzamora.es\/wp-content\/uploads\/2024\/02\/Uned-senior-23-24-1-2048x655.png 2048w\" sizes=\"(max-width: 1024px) 100vw, 1024px\" \/>\t\t\t\t\t\t\t\t\t\t\t\t\t\t\t<\/p>\n<p>A partir de esta tarde podr\u00e1n llevarse a cabo las inscripciones de la asignatura de \u201c<i>Zamora en la Historia de Espa\u00f1a<\/i>\u201d, que se impartir\u00e1 los mi\u00e9rcoles de 18 a 20 horas, y de la asignatura de \u201c<i>Manifestaciones Art\u00edsticas<\/i>\u201d, programada para los jueves de 18 a 20 horas. Las plazas son limitadas y el precio de 40\u20ac por asignatura. <\/p>\n<p>A la vista de anteriores ediciones, se prev\u00e9 un alto inter\u00e9s en esta actividad por parte de los mayores de 55 a\u00f1os zamoranos que son el p\u00fablico objetivo de estos cursos Senior. Unos cursos que buscan completar la experiencia profesional y los conocimientos previos de sus alumnos, sean cuales sean, con una formaci\u00f3n que les permita<strong>\u00a0<\/strong><strong>actualizarse<\/strong>\u00a0y adquirir una\u00a0<strong>mayor comprensi\u00f3n y participaci\u00f3n en la sociedad actual<\/strong><b>.<\/b><\/p>\n<p>La matr\u00edcula se realiza online a trav\u00e9s de nuestra web <a href=\"https:\/\/www.uned.es\/universidad\/centros\/zamora.html\">www.unedzamora.es<\/a>\u00a0o bien pasando por el Centro UNED de Zamora.<\/p>\n","protected":false},"excerpt":{"rendered":"<p>Se abre la matr\u00edcula para los cursos de UNED SENIOR ZAMORA DEL SEGUNDO SEMESTRE. A partir de esta<\/p>\n","protected":false},"author":4,"featured_media":2653,"comment_status":"closed","ping_status":"closed","sticky":false,"template":"","format":"standard","meta":[],"categories":[10],"tags":[],"_links":{"self":[{"href":"http:\/\/comunicacion.unedzamora.es\/index.php\/wp-json\/wp\/v2\/posts\/2638"}],"collection":[{"href":"http:\/\/comunicacion.unedzamora.es\/index.php\/wp-json\/wp\/v2\/posts"}],"about":[{"href":"http:\/\/comunicacion.unedzamora.es\/index.php\/wp-json\/wp\/v2\/types\/post"}],"author":[{"embeddable":true,"href":"http:\/\/comunicacion.unedzamora.es\/index.php\/wp-json\/wp\/v2\/users\/4"}],"replies":[{"embeddable":true,"href":"http:\/\/comunicacion.unedzamora.es\/index.php\/wp-json\/wp\/v2\/comments?post=2638"}],"version-history":[{"count":15,"href":"http:\/\/comunicacion.unedzamora.es\/index.php\/wp-json\/wp\/v2\/posts\/2638\/revisions"}],"predecessor-version":[{"id":2658,"href":"http:\/\/comunicacion.unedzamora.es\/index.php\/wp-json\/wp\/v2\/posts\/2638\/revisions\/2658"}],"wp:featuredmedia":[{"embeddable":true,"href":"http:\/\/comunicacion.unedzamora.es\/index.php\/wp-json\/wp\/v2\/media\/2653"}],"wp:attachment":[{"href":"http:\/\/comunicacion.unedzamora.es\/index.php\/wp-json\/wp\/v2\/media?parent=2638"}],"wp:term":[{"taxonomy":"category","embeddable":true,"href":"http:\/\/comunicacion.unedzamora.es\/index.php\/wp-json\/wp\/v2\/categories?post=2638"},{"taxonomy":"post_tag","embeddable":true,"href":"http:\/\/comunicacion.unedzamora.es\/index.php\/wp-json\/wp\/v2\/tags?post=2638"}],"curies":[{"name":"wp","href":"https:\/\/api.w.org\/{rel}","templated":true}]}}