{"id":2766,"date":"2024-03-19T19:08:34","date_gmt":"2024-03-19T19:08:34","guid":{"rendered":"http:\/\/comunicacion.unedzamora.es\/?p=2766"},"modified":"2024-03-19T19:14:21","modified_gmt":"2024-03-19T19:14:21","slug":"inauguracion-de-la-exposicion-de-imaginary-una-mirada-matematica","status":"publish","type":"post","link":"http:\/\/comunicacion.unedzamora.es\/index.php\/2024\/03\/19\/inauguracion-de-la-exposicion-de-imaginary-una-mirada-matematica\/","title":{"rendered":"Inauguraci\u00f3n de la exposici\u00f3n de IMAGINARY una mirada matem\u00e1tica"},"content":{"rendered":"<style>\/*! elementor - v3.18.0 - 20-12-2023 *\/\n.elementor-column .elementor-spacer-inner{height:var(--spacer-size)}.e-con{--container-widget-width:100%}.e-con-inner>.elementor-widget-spacer,.e-con>.elementor-widget-spacer{width:var(--container-widget-width,var(--spacer-size));--align-self:var(--container-widget-align-self,initial);--flex-shrink:0}.e-con-inner>.elementor-widget-spacer>.elementor-widget-container,.e-con>.elementor-widget-spacer>.elementor-widget-container{height:100%;width:100%}.e-con-inner>.elementor-widget-spacer>.elementor-widget-container>.elementor-spacer,.e-con>.elementor-widget-spacer>.elementor-widget-container>.elementor-spacer{height:100%}.e-con-inner>.elementor-widget-spacer>.elementor-widget-container>.elementor-spacer>.elementor-spacer-inner,.e-con>.elementor-widget-spacer>.elementor-widget-container>.elementor-spacer>.elementor-spacer-inner{height:var(--container-widget-height,var(--spacer-size))}.e-con-inner>.elementor-widget-spacer.elementor-widget-empty,.e-con>.elementor-widget-spacer.elementor-widget-empty{position:relative;min-height:22px;min-width:22px}.e-con-inner>.elementor-widget-spacer.elementor-widget-empty .elementor-widget-empty-icon,.e-con>.elementor-widget-spacer.elementor-widget-empty .elementor-widget-empty-icon{position:absolute;top:0;bottom:0;left:0;right:0;margin:auto;padding:0;width:22px;height:22px}<\/style>\n<style>\/*! elementor - v3.18.0 - 20-12-2023 *\/\n.elementor-heading-title{padding:0;margin:0;line-height:1}.elementor-widget-heading .elementor-heading-title[class*=elementor-size-]>a{color:inherit;font-size:inherit;line-height:inherit}.elementor-widget-heading .elementor-heading-title.elementor-size-small{font-size:15px}.elementor-widget-heading .elementor-heading-title.elementor-size-medium{font-size:19px}.elementor-widget-heading .elementor-heading-title.elementor-size-large{font-size:29px}.elementor-widget-heading .elementor-heading-title.elementor-size-xl{font-size:39px}.elementor-widget-heading .elementor-heading-title.elementor-size-xxl{font-size:59px}<\/style>\n<h2>Inauguraci\u00f3n de la exposici\u00f3n de IMAGINARY una mirada matem\u00e1tica<\/h2>\n<p>\t\tHoy se ha inaugurado de la exposici\u00f3n &#8220;IMAGINARY una mirada matem\u00e1tica&#8221;.Han estado presentes Antonio Rodr\u00edguez, Director del Centro de UNED Zamora, Antonio F\u00e9lix Costa, Profesor de la UNED &#8211; Universidad Nacional de Educaci\u00f3n a Distancia, Laura Huertos, Representante de la Fundaci\u00f3n Caja Rural de Le\u00f3n, Valladolid y Zamora, Leticia Garc\u00eda, Delegada territorial de Zamora Junta de Castilla y Le\u00f3n, Sara de la Higuera, Concejala de juventud de Zamora, Mar\u00eda Eugenia, Concejala de Cultura del Ayuntamiento de Zamora, D. Francisco Jos\u00e9 Tejero, Jefe del \u00c1rea de Programas de la Direcci\u00f3n Provincial de Educaci\u00f3n y Antonio Campillo, Catedr\u00e1tico de la Universidad de Valladolid.\u00a0Estar\u00e1 expuesta del 19 de marzo al 30 de abril de 2024.\u00a0<a href=\"http:\/\/imaginary.unedzamora.es\/\">M\u00e1s informaci\u00f3n aqu\u00ed<\/a>\t\t<\/p>\n<style>\/*! elementor - v3.18.0 - 20-12-2023 *\/\n.elementor-widget-image{text-align:center}.elementor-widget-image a{display:inline-block}.elementor-widget-image a img[src$=\".svg\"]{width:48px}.elementor-widget-image img{vertical-align:middle;display:inline-block}<\/style>\n<p>\t\t\t\t\t\t\t\t\t\t\t\t<img decoding=\"async\" loading=\"lazy\" width=\"1024\" height=\"576\" src=\"http:\/\/comunicacion.unedzamora.es\/wp-content\/uploads\/2024\/03\/IMG20240319111437-1024x576.jpg\" alt=\"\" srcset=\"http:\/\/comunicacion.unedzamora.es\/wp-content\/uploads\/2024\/03\/IMG20240319111437-1024x576.jpg 1024w, http:\/\/comunicacion.unedzamora.es\/wp-content\/uploads\/2024\/03\/IMG20240319111437-300x169.jpg 300w, http:\/\/comunicacion.unedzamora.es\/wp-content\/uploads\/2024\/03\/IMG20240319111437-768x432.jpg 768w, http:\/\/comunicacion.unedzamora.es\/wp-content\/uploads\/2024\/03\/IMG20240319111437-1536x864.jpg 1536w, http:\/\/comunicacion.unedzamora.es\/wp-content\/uploads\/2024\/03\/IMG20240319111437-2048x1152.jpg 2048w\" sizes=\"(max-width: 1024px) 100vw, 1024px\" \/><br \/>\n\t\t\t\t\t\t\t\t\t\t\t\t\t\t\t<img decoding=\"async\" loading=\"lazy\" width=\"1024\" height=\"576\" src=\"http:\/\/comunicacion.unedzamora.es\/wp-content\/uploads\/2024\/03\/IMG20240319112138-1024x576.jpg\" alt=\"\" srcset=\"http:\/\/comunicacion.unedzamora.es\/wp-content\/uploads\/2024\/03\/IMG20240319112138-1024x576.jpg 1024w, http:\/\/comunicacion.unedzamora.es\/wp-content\/uploads\/2024\/03\/IMG20240319112138-300x169.jpg 300w, http:\/\/comunicacion.unedzamora.es\/wp-content\/uploads\/2024\/03\/IMG20240319112138-768x432.jpg 768w, http:\/\/comunicacion.unedzamora.es\/wp-content\/uploads\/2024\/03\/IMG20240319112138-1536x864.jpg 1536w, http:\/\/comunicacion.unedzamora.es\/wp-content\/uploads\/2024\/03\/IMG20240319112138-2048x1152.jpg 2048w\" sizes=\"(max-width: 1024px) 100vw, 1024px\" \/><\/p>\n","protected":false},"excerpt":{"rendered":"<p>Inauguraci\u00f3n de la exposici\u00f3n de IMAGINARY una mirada matem\u00e1tica Hoy se ha inaugurado de la exposici\u00f3n &#8220;IMAGINARY una<\/p>\n","protected":false},"author":4,"featured_media":2770,"comment_status":"closed","ping_status":"closed","sticky":false,"template":"","format":"standard","meta":[],"categories":[10],"tags":[],"_links":{"self":[{"href":"http:\/\/comunicacion.unedzamora.es\/index.php\/wp-json\/wp\/v2\/posts\/2766"}],"collection":[{"href":"http:\/\/comunicacion.unedzamora.es\/index.php\/wp-json\/wp\/v2\/posts"}],"about":[{"href":"http:\/\/comunicacion.unedzamora.es\/index.php\/wp-json\/wp\/v2\/types\/post"}],"author":[{"embeddable":true,"href":"http:\/\/comunicacion.unedzamora.es\/index.php\/wp-json\/wp\/v2\/users\/4"}],"replies":[{"embeddable":true,"href":"http:\/\/comunicacion.unedzamora.es\/index.php\/wp-json\/wp\/v2\/comments?post=2766"}],"version-history":[{"count":11,"href":"http:\/\/comunicacion.unedzamora.es\/index.php\/wp-json\/wp\/v2\/posts\/2766\/revisions"}],"predecessor-version":[{"id":2780,"href":"http:\/\/comunicacion.unedzamora.es\/index.php\/wp-json\/wp\/v2\/posts\/2766\/revisions\/2780"}],"wp:featuredmedia":[{"embeddable":true,"href":"http:\/\/comunicacion.unedzamora.es\/index.php\/wp-json\/wp\/v2\/media\/2770"}],"wp:attachment":[{"href":"http:\/\/comunicacion.unedzamora.es\/index.php\/wp-json\/wp\/v2\/media?parent=2766"}],"wp:term":[{"taxonomy":"category","embeddable":true,"href":"http:\/\/comunicacion.unedzamora.es\/index.php\/wp-json\/wp\/v2\/categories?post=2766"},{"taxonomy":"post_tag","embeddable":true,"href":"http:\/\/comunicacion.unedzamora.es\/index.php\/wp-json\/wp\/v2\/tags?post=2766"}],"curies":[{"name":"wp","href":"https:\/\/api.w.org\/{rel}","templated":true}]}}