{"id":3118,"date":"2024-11-11T19:11:55","date_gmt":"2024-11-11T19:11:55","guid":{"rendered":"https:\/\/comunicacion.unedzamora.es\/?p=3118"},"modified":"2024-11-11T19:41:22","modified_gmt":"2024-11-11T19:41:22","slug":"conferencia-impacto-y-consecuencias-del-ataque-israeli-a-gaza-la-dimension-regional-e-internacional","status":"publish","type":"post","link":"http:\/\/comunicacion.unedzamora.es\/index.php\/2024\/11\/11\/conferencia-impacto-y-consecuencias-del-ataque-israeli-a-gaza-la-dimension-regional-e-internacional\/","title":{"rendered":"Conferencia: Impacto y consecuencias del ataque israel\u00ed a Gaza: la dimensi\u00f3n regional e internacional"},"content":{"rendered":"\n<p>En estos momentos se est\u00e1 celebrando en la UNED de Zamora, la conferencia: <em>Impacto y consecuencias del ataque israel\u00ed a Gaza: la dimensi\u00f3n regional e internacional<\/em>, a cargo de Beatriz Tom\u00e9 que es profesora en el Departamento de Ciencia Pol\u00edtica y de la Administraci\u00f3n de la UNED y vicedecana de Relaciones Internacionales de la Facultad de Ciencias Pol\u00edticas y Sociolog\u00eda de la UNED. El inter\u00e9s investigador de esta zamorana, natural de Fuentespreadas, se centra en la conexi\u00f3n entre los terrenos dom\u00e9sticos e internacional, especialmente en el Magreb y en Marruecos, y en los procesos de transformaci\u00f3n de los partidos islamistas en esta regi\u00f3n. Adem\u00e1s, trabaja cuestiones relacionadas con la pol\u00edtica exterior hacia el norte de \u00c1frica y Oriente Medio y la reacci\u00f3n a esta de los actores dom\u00e9sticos. El trabajo sobre estas cuestiones la ha llevado a ser investigadora invitada en centros internacionales de reconocido prestigio, como NIMAR (el centro de estudios marroqu\u00edes de la universidad de Leiden en Rabat), el Centro de Oriente Medio de la Universidad de Oxford (MEC), la Universidad Internacional de Rabat (UIR) o el Centre Jacques Berque (CJB, Rabat).<\/p>\n\n\n\n<p>La conferencia aborda un tema candente como es el impacto pol\u00edtico de la intervenci\u00f3n militar israel\u00ed en la franja de Gaza. Adem\u00e1s de las consecuencias humanitarias, se centra en dos dimensiones principales: lo regional y lo internacional. Se analizan entre otras cosas la posici\u00f3n de los pa\u00edses vecinos hacia Israel y hacia Palestina; la normalizaci\u00f3n de las relaciones con Tel Aviv; la opini\u00f3n de las poblaciones \u00e1rabes y la visi\u00f3n sobre Estados Unidos y la Uni\u00f3n Europea.<\/p>\n","protected":false},"excerpt":{"rendered":"<p>En estos momentos se est\u00e1 celebrando en la UNED de Zamora, la conferencia: Impacto y consecuencias del ataque<\/p>\n","protected":false},"author":2,"featured_media":3121,"comment_status":"closed","ping_status":"closed","sticky":false,"template":"","format":"standard","meta":[],"categories":[10],"tags":[],"_links":{"self":[{"href":"http:\/\/comunicacion.unedzamora.es\/index.php\/wp-json\/wp\/v2\/posts\/3118"}],"collection":[{"href":"http:\/\/comunicacion.unedzamora.es\/index.php\/wp-json\/wp\/v2\/posts"}],"about":[{"href":"http:\/\/comunicacion.unedzamora.es\/index.php\/wp-json\/wp\/v2\/types\/post"}],"author":[{"embeddable":true,"href":"http:\/\/comunicacion.unedzamora.es\/index.php\/wp-json\/wp\/v2\/users\/2"}],"replies":[{"embeddable":true,"href":"http:\/\/comunicacion.unedzamora.es\/index.php\/wp-json\/wp\/v2\/comments?post=3118"}],"version-history":[{"count":2,"href":"http:\/\/comunicacion.unedzamora.es\/index.php\/wp-json\/wp\/v2\/posts\/3118\/revisions"}],"predecessor-version":[{"id":3122,"href":"http:\/\/comunicacion.unedzamora.es\/index.php\/wp-json\/wp\/v2\/posts\/3118\/revisions\/3122"}],"wp:featuredmedia":[{"embeddable":true,"href":"http:\/\/comunicacion.unedzamora.es\/index.php\/wp-json\/wp\/v2\/media\/3121"}],"wp:attachment":[{"href":"http:\/\/comunicacion.unedzamora.es\/index.php\/wp-json\/wp\/v2\/media?parent=3118"}],"wp:term":[{"taxonomy":"category","embeddable":true,"href":"http:\/\/comunicacion.unedzamora.es\/index.php\/wp-json\/wp\/v2\/categories?post=3118"},{"taxonomy":"post_tag","embeddable":true,"href":"http:\/\/comunicacion.unedzamora.es\/index.php\/wp-json\/wp\/v2\/tags?post=3118"}],"curies":[{"name":"wp","href":"https:\/\/api.w.org\/{rel}","templated":true}]}}