{"id":1759,"date":"2023-06-07T07:29:29","date_gmt":"2023-06-07T07:29:29","guid":{"rendered":"http:\/\/comunicacion.unedzamora.es\/?p=1759"},"modified":"2023-07-19T07:46:09","modified_gmt":"2023-07-19T07:46:09","slug":"cursos-de-verano-uned-zamora-2023","status":"publish","type":"post","link":"https:\/\/comunicacion.unedzamora.es\/index.php\/2023\/06\/07\/cursos-de-verano-uned-zamora-2023\/","title":{"rendered":"Cursos de Verano UNED ZAMORA 2023"},"content":{"rendered":"<style>\/*! elementor - v3.14.0 - 26-06-2023 *\/\n.elementor-column .elementor-spacer-inner{height:var(--spacer-size)}.e-con{--container-widget-width:100%}.e-con-inner>.elementor-widget-spacer,.e-con>.elementor-widget-spacer{width:var(--container-widget-width,var(--spacer-size));--align-self:var(--container-widget-align-self,initial);--flex-shrink:0}.e-con-inner>.elementor-widget-spacer>.elementor-widget-container,.e-con-inner>.elementor-widget-spacer>.elementor-widget-container>.elementor-spacer,.e-con>.elementor-widget-spacer>.elementor-widget-container,.e-con>.elementor-widget-spacer>.elementor-widget-container>.elementor-spacer{height:100%}.e-con-inner>.elementor-widget-spacer>.elementor-widget-container>.elementor-spacer>.elementor-spacer-inner,.e-con>.elementor-widget-spacer>.elementor-widget-container>.elementor-spacer>.elementor-spacer-inner{height:var(--container-widget-height,var(--spacer-size))}<\/style>\n<style>\/*! elementor - v3.14.0 - 26-06-2023 *\/\n.elementor-heading-title{padding:0;margin:0;line-height:1}.elementor-widget-heading .elementor-heading-title[class*=elementor-size-]>a{color:inherit;font-size:inherit;line-height:inherit}.elementor-widget-heading .elementor-heading-title.elementor-size-small{font-size:15px}.elementor-widget-heading .elementor-heading-title.elementor-size-medium{font-size:19px}.elementor-widget-heading .elementor-heading-title.elementor-size-large{font-size:29px}.elementor-widget-heading .elementor-heading-title.elementor-size-xl{font-size:39px}.elementor-widget-heading .elementor-heading-title.elementor-size-xxl{font-size:59px}<\/style>\n<h2>Cursos de Verano UNED ZAMORA 2023<\/h2>\n<ul>\n<li><b>Inteligencia emocional, competencias socioemocionales y calidad de vida: del 26 al 28 de junio de 2023<\/b><\/li>\n<\/ul>\n<p>Con 20 horas de duraci\u00f3n, esta actividad se impartir\u00e1 \u00fanicamente en la modalidad presencial en el Centro Penitenciario Topas (Salamanca).<\/p>\n<p>El curso pretende dar herramientas para el conocimiento y la gesti\u00f3n emocional, las competencias interpersonales e intrapersonales para aplicarlas en la pr\u00e1ctica cotidiana en el contexto social y familiar.<\/p>\n<p>M\u00e1s informaci\u00f3n y matr\u00edcula en:<strong>\u00a0<a href=\"https:\/\/extension.uned.es\/actividad\/idactividad\/30437\">https:\/\/extension.uned.es\/actividad\/idactividad\/30437<\/a><\/strong><\/p>\n<ul>\n<li><b>Miradas y reflexiones sobre las representaciones de los paisajes culturales: del 6 al 8 de julio de 2023<\/b><\/li>\n<\/ul>\n<p>Con 20 horas de duraci\u00f3n este curso est\u00e1 dirigido a profesores de todos los niveles educativos, t\u00e9cnicos de turismo, agentes de desarrollo local, estudiantes de los grados (Geograf\u00eda e Historia, Historia del arte, Filolog\u00eda, Filosof\u00eda, etc) y cualquier persona interesada. La actividad pretende dar a conocer y reflexionar sobre la diversidad de paisajes existentes desde diversas perspectivas cient\u00edficas y acad\u00e9micas.<\/p>\n<p>M\u00e1s informaci\u00f3n y matr\u00edcula en:<strong>\u00a0<a href=\"https:\/\/extension.uned.es\/actividad\/idactividad\/30651\">https:\/\/extension.uned.es\/actividad\/idactividad\/30651<\/a><\/strong><\/p>\n<p>\u00a0<\/p>\n<style>\/*! elementor - v3.14.0 - 26-06-2023 *\/\n.elementor-widget-image{text-align:center}.elementor-widget-image a{display:inline-block}.elementor-widget-image a img[src$=\".svg\"]{width:48px}.elementor-widget-image img{vertical-align:middle;display:inline-block}<\/style>\n<p>\t\t\t\t\t\t\t\t\t\t\t\t<img decoding=\"async\" width=\"415\" height=\"531\" src=\"http:\/\/comunicacion.unedzamora.es\/wp-content\/uploads\/2023\/07\/es_CVerano23_414x530px.jpg\" alt=\"\" loading=\"lazy\" srcset=\"http:\/\/comunicacion.unedzamora.es\/wp-content\/uploads\/2023\/07\/es_CVerano23_414x530px.jpg 415w, http:\/\/comunicacion.unedzamora.es\/wp-content\/uploads\/2023\/07\/es_CVerano23_414x530px-234x300.jpg 234w\" sizes=\"(max-width: 415px) 100vw, 415px\" \/><\/p>\n","protected":false},"excerpt":{"rendered":"<p>Cursos de Verano UNED ZAMORA 2023 Inteligencia emocional, competencias socioemocionales y calidad de vida: del 26 al 28<\/p>\n","protected":false},"author":1,"featured_media":1962,"comment_status":"closed","ping_status":"open","sticky":false,"template":"","format":"standard","meta":[],"categories":[10],"tags":[],"_links":{"self":[{"href":"https:\/\/comunicacion.unedzamora.es\/index.php\/wp-json\/wp\/v2\/posts\/1759"}],"collection":[{"href":"https:\/\/comunicacion.unedzamora.es\/index.php\/wp-json\/wp\/v2\/posts"}],"about":[{"href":"https:\/\/comunicacion.unedzamora.es\/index.php\/wp-json\/wp\/v2\/types\/post"}],"author":[{"embeddable":true,"href":"https:\/\/comunicacion.unedzamora.es\/index.php\/wp-json\/wp\/v2\/users\/1"}],"replies":[{"embeddable":true,"href":"https:\/\/comunicacion.unedzamora.es\/index.php\/wp-json\/wp\/v2\/comments?post=1759"}],"version-history":[{"count":14,"href":"https:\/\/comunicacion.unedzamora.es\/index.php\/wp-json\/wp\/v2\/posts\/1759\/revisions"}],"predecessor-version":[{"id":1969,"href":"https:\/\/comunicacion.unedzamora.es\/index.php\/wp-json\/wp\/v2\/posts\/1759\/revisions\/1969"}],"wp:featuredmedia":[{"embeddable":true,"href":"https:\/\/comunicacion.unedzamora.es\/index.php\/wp-json\/wp\/v2\/media\/1962"}],"wp:attachment":[{"href":"https:\/\/comunicacion.unedzamora.es\/index.php\/wp-json\/wp\/v2\/media?parent=1759"}],"wp:term":[{"taxonomy":"category","embeddable":true,"href":"https:\/\/comunicacion.unedzamora.es\/index.php\/wp-json\/wp\/v2\/categories?post=1759"},{"taxonomy":"post_tag","embeddable":true,"href":"https:\/\/comunicacion.unedzamora.es\/index.php\/wp-json\/wp\/v2\/tags?post=1759"}],"curies":[{"name":"wp","href":"https:\/\/api.w.org\/{rel}","templated":true}]}}