{"id":1809,"date":"2023-03-28T07:49:45","date_gmt":"2023-03-28T07:49:45","guid":{"rendered":"http:\/\/comunicacion.unedzamora.es\/?p=1809"},"modified":"2023-07-20T10:33:39","modified_gmt":"2023-07-20T10:33:39","slug":"xvii-congreso-internacional-idadfe-sobre-perspectivas-actuales-del-derecho-de-familia","status":"publish","type":"post","link":"https:\/\/comunicacion.unedzamora.es\/index.php\/2023\/03\/28\/xvii-congreso-internacional-idadfe-sobre-perspectivas-actuales-del-derecho-de-familia\/","title":{"rendered":"XVII CONGRESO INTERNACIONAL IDADFE, SOBRE PERSPECTIVAS ACTUALES DEL DERECHO DE FAMILIA"},"content":{"rendered":"<style>\/*! elementor - v3.14.0 - 26-06-2023 *\/\n.elementor-column .elementor-spacer-inner{height:var(--spacer-size)}.e-con{--container-widget-width:100%}.e-con-inner>.elementor-widget-spacer,.e-con>.elementor-widget-spacer{width:var(--container-widget-width,var(--spacer-size));--align-self:var(--container-widget-align-self,initial);--flex-shrink:0}.e-con-inner>.elementor-widget-spacer>.elementor-widget-container,.e-con-inner>.elementor-widget-spacer>.elementor-widget-container>.elementor-spacer,.e-con>.elementor-widget-spacer>.elementor-widget-container,.e-con>.elementor-widget-spacer>.elementor-widget-container>.elementor-spacer{height:100%}.e-con-inner>.elementor-widget-spacer>.elementor-widget-container>.elementor-spacer>.elementor-spacer-inner,.e-con>.elementor-widget-spacer>.elementor-widget-container>.elementor-spacer>.elementor-spacer-inner{height:var(--container-widget-height,var(--spacer-size))}<\/style>\n<style>\/*! elementor - v3.14.0 - 26-06-2023 *\/\n.elementor-heading-title{padding:0;margin:0;line-height:1}.elementor-widget-heading .elementor-heading-title[class*=elementor-size-]>a{color:inherit;font-size:inherit;line-height:inherit}.elementor-widget-heading .elementor-heading-title.elementor-size-small{font-size:15px}.elementor-widget-heading .elementor-heading-title.elementor-size-medium{font-size:19px}.elementor-widget-heading .elementor-heading-title.elementor-size-large{font-size:29px}.elementor-widget-heading .elementor-heading-title.elementor-size-xl{font-size:39px}.elementor-widget-heading .elementor-heading-title.elementor-size-xxl{font-size:59px}<\/style>\n<h2>XVII CONGRESO INTERNACIONAL IDADFE, SOBRE  PERSPECTIVAS ACTUALES DEL DERECHO DE FAMILIA<\/h2>\n<p>\t\tSe ha presentado a los medios el XVII Congreso Internacional IDADFE, sobre perspectivas actuales del Derecho de Familia.\u00a0Este congreso organizado por el Departamento de Derecho Civil de la UNED, el Centro de la UNED de Zamora y el Instituto de Desarrollo y An\u00e1lisis del Derecho de Familia en Espa\u00f1a se celebrar\u00e1 en el Centro Asociado a la UNED en Zamora, durante los d\u00edas 12 y 13 de abril de 2023.\u00a0Han intervenido en la presentaci\u00f3n Antonio Rodr\u00edguez Gonz\u00e1lez, Director de UNED Zamora\u00a0y Esther Gonz\u00e1lez Gonz\u00e1lez, Presidenta de la Audiencia Provincial de Zamora.\u00a0\u00a0\u00a0 <img decoding=\"async\" loading=\"lazy\" src=\"http:\/\/comunicacion.unedzamora.es\/wp-content\/uploads\/2023\/03\/rueda_prensa_congreso_2-1024x1024.jpg\" alt=\"\" width=\"524\" height=\"524\" \/><img decoding=\"async\" loading=\"lazy\" src=\"http:\/\/comunicacion.unedzamora.es\/wp-content\/uploads\/2023\/07\/Congreso_Zamora2023_cartel-725x1024.jpg\" alt=\"\" width=\"525\" height=\"742\" \/>\u00a0 \u00a0 \u00a0<\/p>\n","protected":false},"excerpt":{"rendered":"<p>XVII CONGRESO INTERNACIONAL IDADFE, SOBRE PERSPECTIVAS ACTUALES DEL DERECHO DE FAMILIA Se ha presentado a los medios el<\/p>\n","protected":false},"author":1,"featured_media":2145,"comment_status":"closed","ping_status":"closed","sticky":false,"template":"","format":"standard","meta":[],"categories":[10],"tags":[],"_links":{"self":[{"href":"https:\/\/comunicacion.unedzamora.es\/index.php\/wp-json\/wp\/v2\/posts\/1809"}],"collection":[{"href":"https:\/\/comunicacion.unedzamora.es\/index.php\/wp-json\/wp\/v2\/posts"}],"about":[{"href":"https:\/\/comunicacion.unedzamora.es\/index.php\/wp-json\/wp\/v2\/types\/post"}],"author":[{"embeddable":true,"href":"https:\/\/comunicacion.unedzamora.es\/index.php\/wp-json\/wp\/v2\/users\/1"}],"replies":[{"embeddable":true,"href":"https:\/\/comunicacion.unedzamora.es\/index.php\/wp-json\/wp\/v2\/comments?post=1809"}],"version-history":[{"count":19,"href":"https:\/\/comunicacion.unedzamora.es\/index.php\/wp-json\/wp\/v2\/posts\/1809\/revisions"}],"predecessor-version":[{"id":2215,"href":"https:\/\/comunicacion.unedzamora.es\/index.php\/wp-json\/wp\/v2\/posts\/1809\/revisions\/2215"}],"wp:featuredmedia":[{"embeddable":true,"href":"https:\/\/comunicacion.unedzamora.es\/index.php\/wp-json\/wp\/v2\/media\/2145"}],"wp:attachment":[{"href":"https:\/\/comunicacion.unedzamora.es\/index.php\/wp-json\/wp\/v2\/media?parent=1809"}],"wp:term":[{"taxonomy":"category","embeddable":true,"href":"https:\/\/comunicacion.unedzamora.es\/index.php\/wp-json\/wp\/v2\/categories?post=1809"},{"taxonomy":"post_tag","embeddable":true,"href":"https:\/\/comunicacion.unedzamora.es\/index.php\/wp-json\/wp\/v2\/tags?post=1809"}],"curies":[{"name":"wp","href":"https:\/\/api.w.org\/{rel}","templated":true}]}}