{"id":1825,"date":"2023-06-26T08:03:38","date_gmt":"2023-06-26T08:03:38","guid":{"rendered":"http:\/\/comunicacion.unedzamora.es\/?p=1825"},"modified":"2023-07-19T10:06:59","modified_gmt":"2023-07-19T10:06:59","slug":"acto-de-clausura-del-curso-academico-2022-2023","status":"publish","type":"post","link":"https:\/\/comunicacion.unedzamora.es\/index.php\/2023\/06\/26\/acto-de-clausura-del-curso-academico-2022-2023\/","title":{"rendered":"Acto de Clausura del Curso Acad\u00e9mico 2022-2023"},"content":{"rendered":"<style>\/*! elementor - v3.14.0 - 26-06-2023 *\/\n.elementor-column .elementor-spacer-inner{height:var(--spacer-size)}.e-con{--container-widget-width:100%}.e-con-inner>.elementor-widget-spacer,.e-con>.elementor-widget-spacer{width:var(--container-widget-width,var(--spacer-size));--align-self:var(--container-widget-align-self,initial);--flex-shrink:0}.e-con-inner>.elementor-widget-spacer>.elementor-widget-container,.e-con-inner>.elementor-widget-spacer>.elementor-widget-container>.elementor-spacer,.e-con>.elementor-widget-spacer>.elementor-widget-container,.e-con>.elementor-widget-spacer>.elementor-widget-container>.elementor-spacer{height:100%}.e-con-inner>.elementor-widget-spacer>.elementor-widget-container>.elementor-spacer>.elementor-spacer-inner,.e-con>.elementor-widget-spacer>.elementor-widget-container>.elementor-spacer>.elementor-spacer-inner{height:var(--container-widget-height,var(--spacer-size))}<\/style>\n<style>\/*! elementor - v3.14.0 - 26-06-2023 *\/\n.elementor-heading-title{padding:0;margin:0;line-height:1}.elementor-widget-heading .elementor-heading-title[class*=elementor-size-]>a{color:inherit;font-size:inherit;line-height:inherit}.elementor-widget-heading .elementor-heading-title.elementor-size-small{font-size:15px}.elementor-widget-heading .elementor-heading-title.elementor-size-medium{font-size:19px}.elementor-widget-heading .elementor-heading-title.elementor-size-large{font-size:29px}.elementor-widget-heading .elementor-heading-title.elementor-size-xl{font-size:39px}.elementor-widget-heading .elementor-heading-title.elementor-size-xxl{font-size:59px}<\/style>\n<h2>Acto de Clausura del Curso Acad\u00e9mico 2022-2023<\/h2>\n<p>\t\tEl pasado viernes tuvo lugar en UNED Zamora el Acto de Clausura del Curso Acad\u00e9mico 2022-2023, celebrando el 50 Aniversario de la UNED,\u00a0con un lleno absoluto del Paraninfo del Colegio Universitario.\u00a0Comenz\u00f3 el acto el Director del Centro, D. Antonio Rodr\u00edguez Gonz\u00e1lez, dando la bienvenida y agradeciendo su presencia a instituciones y componentes de la mesa, as\u00ed como al p\u00fablico asistente.\u00a0En la mesa estuvieron presentes, de izquierda a derecha:\u00a0<img decoding=\"async\" loading=\"lazy\" src=\"https:\/\/static.xx.fbcdn.net\/images\/emoji.php\/v9\/t9e\/1\/16\/27a1.png\" alt=\"\u27a1\ufe0f\" width=\"16\" height=\"16\" \/> D. Mariano Barbacid Montalb\u00e1n, Profesor del Centro Nacional de Investigaciones Oncol\u00f3gicas (CNIO).<img decoding=\"async\" loading=\"lazy\" src=\"https:\/\/static.xx.fbcdn.net\/images\/emoji.php\/v9\/t9e\/1\/16\/27a1.png\" alt=\"\u27a1\ufe0f\" width=\"16\" height=\"16\" \/> D\u00f1a. Rosa Mar\u00eda Mart\u00edn Aranda, Vicerrectora Primera de la UNED.<img decoding=\"async\" loading=\"lazy\" src=\"https:\/\/static.xx.fbcdn.net\/images\/emoji.php\/v9\/t9e\/1\/16\/27a1.png\" alt=\"\u27a1\ufe0f\" width=\"16\" height=\"16\" \/> D\u00f1a. Leticia Garc\u00eda S\u00e1nchez, Delegada Territorial de la Junta de Castilla y Le\u00f3n en Zamora.<img decoding=\"async\" loading=\"lazy\" src=\"https:\/\/static.xx.fbcdn.net\/images\/emoji.php\/v9\/t9e\/1\/16\/27a1.png\" alt=\"\u27a1\ufe0f\" width=\"16\" height=\"16\" \/> D\u00f1a. Mar\u00eda Eugenia Cabezas Carreras, Concejala del Ayuntamiento de Zamora.<img decoding=\"async\" loading=\"lazy\" src=\"https:\/\/static.xx.fbcdn.net\/images\/emoji.php\/v9\/t9e\/1\/16\/27a1.png\" alt=\"\u27a1\ufe0f\" width=\"16\" height=\"16\" \/> D. Narciso Prieto Mart\u00edn, responsable de la Fundaci\u00f3n Caja Rural.\u00a0El profesor D. Mariano Barbacid con su conferencia: &#8220;La oncolog\u00eda\u00a0en el siglo XXI: Medicina de precisi\u00f3n e inmunoterapia&#8221; despert\u00f3 un gran inter\u00e9s entre la poblaci\u00f3n zamorana en una calurosa tarde. Se habilitaron dos salas m\u00e1s para poder seguir en directo porstreaming su conferencia.\u00a0<\/p>\n<p>Adem\u00e1s, tuvo lugar la entrega de Becas y Diplomas a los estudiantes que han finalizado recientemente sus estudios en nuestro Centro.<\/p>\n<p>\u00a0\t\t<\/p>\n<style>\/*! elementor - v3.14.0 - 26-06-2023 *\/\n.elementor-widget-image{text-align:center}.elementor-widget-image a{display:inline-block}.elementor-widget-image a img[src$=\".svg\"]{width:48px}.elementor-widget-image img{vertical-align:middle;display:inline-block}<\/style>\n<p>\t\t\t\t\t\t\t\t\t\t\t\t<img decoding=\"async\" width=\"1024\" height=\"576\" src=\"http:\/\/comunicacion.unedzamora.es\/wp-content\/uploads\/2023\/07\/2-1024x576.jpeg\" alt=\"\" loading=\"lazy\" srcset=\"http:\/\/comunicacion.unedzamora.es\/wp-content\/uploads\/2023\/07\/2-1024x576.jpeg 1024w, http:\/\/comunicacion.unedzamora.es\/wp-content\/uploads\/2023\/07\/2-300x169.jpeg 300w, http:\/\/comunicacion.unedzamora.es\/wp-content\/uploads\/2023\/07\/2-768x432.jpeg 768w, http:\/\/comunicacion.unedzamora.es\/wp-content\/uploads\/2023\/07\/2-1536x864.jpeg 1536w, http:\/\/comunicacion.unedzamora.es\/wp-content\/uploads\/2023\/07\/2.jpeg 2048w\" sizes=\"(max-width: 1024px) 100vw, 1024px\" \/><br \/>\n\t\t\t\t\t\t\t\t\t\t\t\t\t\t\t<img decoding=\"async\" width=\"1024\" height=\"576\" src=\"http:\/\/comunicacion.unedzamora.es\/wp-content\/uploads\/2023\/07\/1.jpeg\" alt=\"\" loading=\"lazy\" srcset=\"http:\/\/comunicacion.unedzamora.es\/wp-content\/uploads\/2023\/07\/1.jpeg 1024w, http:\/\/comunicacion.unedzamora.es\/wp-content\/uploads\/2023\/07\/1-300x169.jpeg 300w, http:\/\/comunicacion.unedzamora.es\/wp-content\/uploads\/2023\/07\/1-768x432.jpeg 768w\" sizes=\"(max-width: 1024px) 100vw, 1024px\" \/><br \/>\n\t\t\t\t\t\t\t\t\t\t\t\t\t\t\t<img decoding=\"async\" width=\"1024\" height=\"768\" src=\"http:\/\/comunicacion.unedzamora.es\/wp-content\/uploads\/2023\/07\/4.jpeg\" alt=\"\" loading=\"lazy\" srcset=\"http:\/\/comunicacion.unedzamora.es\/wp-content\/uploads\/2023\/07\/4.jpeg 1024w, http:\/\/comunicacion.unedzamora.es\/wp-content\/uploads\/2023\/07\/4-300x225.jpeg 300w, http:\/\/comunicacion.unedzamora.es\/wp-content\/uploads\/2023\/07\/4-768x576.jpeg 768w\" sizes=\"(max-width: 1024px) 100vw, 1024px\" \/><\/p>\n","protected":false},"excerpt":{"rendered":"<p>Acto de Clausura del Curso Acad\u00e9mico 2022-2023 El pasado viernes tuvo lugar en UNED Zamora el Acto de<\/p>\n","protected":false},"author":1,"featured_media":1886,"comment_status":"closed","ping_status":"closed","sticky":false,"template":"","format":"standard","meta":[],"categories":[10],"tags":[],"_links":{"self":[{"href":"https:\/\/comunicacion.unedzamora.es\/index.php\/wp-json\/wp\/v2\/posts\/1825"}],"collection":[{"href":"https:\/\/comunicacion.unedzamora.es\/index.php\/wp-json\/wp\/v2\/posts"}],"about":[{"href":"https:\/\/comunicacion.unedzamora.es\/index.php\/wp-json\/wp\/v2\/types\/post"}],"author":[{"embeddable":true,"href":"https:\/\/comunicacion.unedzamora.es\/index.php\/wp-json\/wp\/v2\/users\/1"}],"replies":[{"embeddable":true,"href":"https:\/\/comunicacion.unedzamora.es\/index.php\/wp-json\/wp\/v2\/comments?post=1825"}],"version-history":[{"count":30,"href":"https:\/\/comunicacion.unedzamora.es\/index.php\/wp-json\/wp\/v2\/posts\/1825\/revisions"}],"predecessor-version":[{"id":2088,"href":"https:\/\/comunicacion.unedzamora.es\/index.php\/wp-json\/wp\/v2\/posts\/1825\/revisions\/2088"}],"wp:featuredmedia":[{"embeddable":true,"href":"https:\/\/comunicacion.unedzamora.es\/index.php\/wp-json\/wp\/v2\/media\/1886"}],"wp:attachment":[{"href":"https:\/\/comunicacion.unedzamora.es\/index.php\/wp-json\/wp\/v2\/media?parent=1825"}],"wp:term":[{"taxonomy":"category","embeddable":true,"href":"https:\/\/comunicacion.unedzamora.es\/index.php\/wp-json\/wp\/v2\/categories?post=1825"},{"taxonomy":"post_tag","embeddable":true,"href":"https:\/\/comunicacion.unedzamora.es\/index.php\/wp-json\/wp\/v2\/tags?post=1825"}],"curies":[{"name":"wp","href":"https:\/\/api.w.org\/{rel}","templated":true}]}}