{"id":2411,"date":"2023-10-24T09:10:17","date_gmt":"2023-10-24T09:10:17","guid":{"rendered":"http:\/\/comunicacion.unedzamora.es\/?p=2411"},"modified":"2023-10-25T19:00:29","modified_gmt":"2023-10-25T19:00:29","slug":"ampliado-el-plazo-de-matriculas","status":"publish","type":"post","link":"https:\/\/comunicacion.unedzamora.es\/index.php\/2023\/10\/24\/ampliado-el-plazo-de-matriculas\/","title":{"rendered":"Ampliado el Plazo de Matr\u00edculas"},"content":{"rendered":"<style>\/*! elementor - v3.15.0 - 20-08-2023 *\/\n.elementor-column .elementor-spacer-inner{height:var(--spacer-size)}.e-con{--container-widget-width:100%}.e-con-inner>.elementor-widget-spacer,.e-con>.elementor-widget-spacer{width:var(--container-widget-width,var(--spacer-size));--align-self:var(--container-widget-align-self,initial);--flex-shrink:0}.e-con-inner>.elementor-widget-spacer>.elementor-widget-container,.e-con-inner>.elementor-widget-spacer>.elementor-widget-container>.elementor-spacer,.e-con>.elementor-widget-spacer>.elementor-widget-container,.e-con>.elementor-widget-spacer>.elementor-widget-container>.elementor-spacer{height:100%}.e-con-inner>.elementor-widget-spacer>.elementor-widget-container>.elementor-spacer>.elementor-spacer-inner,.e-con>.elementor-widget-spacer>.elementor-widget-container>.elementor-spacer>.elementor-spacer-inner{height:var(--container-widget-height,var(--spacer-size))}<\/style>\n<style>\/*! elementor - v3.15.0 - 20-08-2023 *\/\n.elementor-heading-title{padding:0;margin:0;line-height:1}.elementor-widget-heading .elementor-heading-title[class*=elementor-size-]>a{color:inherit;font-size:inherit;line-height:inherit}.elementor-widget-heading .elementor-heading-title.elementor-size-small{font-size:15px}.elementor-widget-heading .elementor-heading-title.elementor-size-medium{font-size:19px}.elementor-widget-heading .elementor-heading-title.elementor-size-large{font-size:29px}.elementor-widget-heading .elementor-heading-title.elementor-size-xl{font-size:39px}.elementor-widget-heading .elementor-heading-title.elementor-size-xxl{font-size:59px}<\/style>\n<h2>\n<h2 style=\"font-family: var( --e-global-typography-primary-font-family ), Sans-serif; font-style: normal; font-weight: var( --e-global-typography-primary-font-weight ); white-space-collapse: collapse;\"><font color=\"#5c9f38\">Ampliado el Plazo de Matr\u00edcula hasta el 7 de Noviembre<\/font><\/h2>\n<\/h2>\n<style>\/*! elementor - v3.15.0 - 20-08-2023 *\/\n.elementor-widget-image{text-align:center}.elementor-widget-image a{display:inline-block}.elementor-widget-image a img[src$=\".svg\"]{width:48px}.elementor-widget-image img{vertical-align:middle;display:inline-block}<\/style>\n<p>\t\t\t\t\t\t\t\t\t\t\t\t<img decoding=\"async\" width=\"1024\" height=\"328\" src=\"http:\/\/comunicacion.unedzamora.es\/wp-content\/uploads\/2023\/10\/Banner_2500x800_GRADOS_CAS-1024x328.jpg\" alt=\"\" loading=\"lazy\" srcset=\"http:\/\/comunicacion.unedzamora.es\/wp-content\/uploads\/2023\/10\/Banner_2500x800_GRADOS_CAS-1024x328.jpg 1024w, http:\/\/comunicacion.unedzamora.es\/wp-content\/uploads\/2023\/10\/Banner_2500x800_GRADOS_CAS-300x96.jpg 300w, http:\/\/comunicacion.unedzamora.es\/wp-content\/uploads\/2023\/10\/Banner_2500x800_GRADOS_CAS-768x246.jpg 768w, http:\/\/comunicacion.unedzamora.es\/wp-content\/uploads\/2023\/10\/Banner_2500x800_GRADOS_CAS-1536x492.jpg 1536w, http:\/\/comunicacion.unedzamora.es\/wp-content\/uploads\/2023\/10\/Banner_2500x800_GRADOS_CAS-2048x655.jpg 2048w\" sizes=\"(max-width: 1024px) 100vw, 1024px\" \/>\t\t\t\t\t\t\t\t\t\t\t\t\t\t\t<\/p>\n<p><b>La UNED ha ampliado hoy el plazo de\u00a0<a href=\"https:\/\/app.uned.es\/portal\/admision-matricula-por-internet\">matr\u00edcula para sus estudios de Grado, Grados Combinados, M\u00e1steres Oficiales, Microt\u00edtulos, Curso de Acceso para Mayores de 25 y 45 a\u00f1os e Idiomas<\/a>. De esta forma, los estudiantes tendr\u00e1n la oportunidad hasta el 7 de noviembre de entrar a formar parte del mayor campus de Europa para estudiar a su ritmo y desde cualquier lugar del mundo gracias a su metodolog\u00eda online y semipresencial, l\u00edder en su sector.<\/b><\/p>\n<p>\u00a0<\/p>\n<p>La oferta acad\u00e9mica de la UNED incluye\u00a0<b><a href=\"https:\/\/www.uned.es\/universidad\/inicio\/estudios\/grados.html\">30 Grados<\/a>\u00a0<\/b>pertenecientes a las \u00e1reas de Artes y Humanidades, Ciencias, Ciencias de la Salud, Ciencias Sociales y Jur\u00eddicas e Ingenier\u00eda y Arquitectura, as\u00ed como\u00a0<b><a href=\"https:\/\/www.uned.es\/universidad\/inicio\/estudios\/grados-combinados.html\">11 Grados Combinados<\/a><\/b>\u00a0que permiten, gracias al reconocimiento de asignaturas, obtener dos t\u00edtulos de Grado distintos en \u00e1reas afines cursando menos de los 360 cr\u00e9ditos ECTS necesarios en el caso del segundo Grado. En cuanto a los\u00a0<b><a href=\"https:\/\/www.uned.es\/universidad\/inicio\/estudios\/masteres.html\">M\u00e1steres EEES<\/a><\/b>, son 80 t\u00edtulos los que completan la oferta de la UNED.<\/p>\n<p>\u00a0<\/p>\n<p>La UNED ha sido siempre pionera en educaci\u00f3n a distancia y en la incorporaci\u00f3n de nuevas tecnolog\u00edas y tendencias did\u00e1cticas. No es de extra\u00f1ar, por tanto, que se convirtiera en la\u00a0<b>primera universidad espa\u00f1ola en implantar sus microt\u00edtulos -microgrados y microm\u00e1steres<\/b>&#8211; cumpliendo as\u00ed las indicaciones europeas que apuntan hacia las microcredenciales como alternativa \u00f3ptima en el camino de la Formaci\u00f3n a lo Largo de la Vida. Hasta el 7 de noviembre se podr\u00e1 acceder a cualquiera de los\u00a0<b><a href=\"https:\/\/www.uned.es\/universidad\/inicio\/estudios\/microtitulos.html\">23 microt\u00edtulos ofertados por la UNED<\/a><\/b>: unos estudios que permiten a los alumnos especializarse en un \u00e1rea concreta sin necesidad de abordar un Grado o M\u00e1ster completo, pero ofreciendo la posibilidad de convalidar las asignaturas cursadas en el caso de que se formalice una matr\u00edcula posterior.<\/p>\n<p>\u00a0<\/p>\n<p>Finalmente, se ampl\u00eda el plazo de Matr\u00edcula hasta el 7 de noviembre para el\u00a0<b><a href=\"https:\/\/www.uned.es\/universidad\/inicio\/estudios\/acceso.html\">Curso de Acceso a la universidad para Mayores de 25 y 45 a\u00f1os<\/a><\/b>\u00a0y para cualquiera de los 16 idiomas ofertados por\u00a0<b><a href=\"https:\/\/www.uned.es\/universidad\/inicio\/estudios\/idiomas.html\">UNED Idiomas<\/a><\/b>.<\/p>\n","protected":false},"excerpt":{"rendered":"<p>Ampliado el Plazo de Matr\u00edcula hasta el 7 de Noviembre La UNED ha ampliado hoy el plazo de\u00a0matr\u00edcula<\/p>\n","protected":false},"author":4,"featured_media":2417,"comment_status":"closed","ping_status":"closed","sticky":false,"template":"","format":"standard","meta":[],"categories":[10],"tags":[],"_links":{"self":[{"href":"https:\/\/comunicacion.unedzamora.es\/index.php\/wp-json\/wp\/v2\/posts\/2411"}],"collection":[{"href":"https:\/\/comunicacion.unedzamora.es\/index.php\/wp-json\/wp\/v2\/posts"}],"about":[{"href":"https:\/\/comunicacion.unedzamora.es\/index.php\/wp-json\/wp\/v2\/types\/post"}],"author":[{"embeddable":true,"href":"https:\/\/comunicacion.unedzamora.es\/index.php\/wp-json\/wp\/v2\/users\/4"}],"replies":[{"embeddable":true,"href":"https:\/\/comunicacion.unedzamora.es\/index.php\/wp-json\/wp\/v2\/comments?post=2411"}],"version-history":[{"count":13,"href":"https:\/\/comunicacion.unedzamora.es\/index.php\/wp-json\/wp\/v2\/posts\/2411\/revisions"}],"predecessor-version":[{"id":2457,"href":"https:\/\/comunicacion.unedzamora.es\/index.php\/wp-json\/wp\/v2\/posts\/2411\/revisions\/2457"}],"wp:featuredmedia":[{"embeddable":true,"href":"https:\/\/comunicacion.unedzamora.es\/index.php\/wp-json\/wp\/v2\/media\/2417"}],"wp:attachment":[{"href":"https:\/\/comunicacion.unedzamora.es\/index.php\/wp-json\/wp\/v2\/media?parent=2411"}],"wp:term":[{"taxonomy":"category","embeddable":true,"href":"https:\/\/comunicacion.unedzamora.es\/index.php\/wp-json\/wp\/v2\/categories?post=2411"},{"taxonomy":"post_tag","embeddable":true,"href":"https:\/\/comunicacion.unedzamora.es\/index.php\/wp-json\/wp\/v2\/tags?post=2411"}],"curies":[{"name":"wp","href":"https:\/\/api.w.org\/{rel}","templated":true}]}}