{"id":2473,"date":"2023-10-30T10:14:37","date_gmt":"2023-10-30T10:14:37","guid":{"rendered":"http:\/\/comunicacion.unedzamora.es\/?p=2473"},"modified":"2023-11-06T10:28:30","modified_gmt":"2023-11-06T10:28:30","slug":"publicados-los-libros-i-premio-memoria-de-la-emigracion-espanola","status":"publish","type":"post","link":"https:\/\/comunicacion.unedzamora.es\/index.php\/2023\/10\/30\/publicados-los-libros-i-premio-memoria-de-la-emigracion-espanola\/","title":{"rendered":"Publicados los libros I Premio Memoria de la Emigraci\u00f3n Espa\u00f1ola"},"content":{"rendered":"<style>\/*! elementor - v3.15.0 - 20-08-2023 *\/\n.elementor-column .elementor-spacer-inner{height:var(--spacer-size)}.e-con{--container-widget-width:100%}.e-con-inner>.elementor-widget-spacer,.e-con>.elementor-widget-spacer{width:var(--container-widget-width,var(--spacer-size));--align-self:var(--container-widget-align-self,initial);--flex-shrink:0}.e-con-inner>.elementor-widget-spacer>.elementor-widget-container,.e-con-inner>.elementor-widget-spacer>.elementor-widget-container>.elementor-spacer,.e-con>.elementor-widget-spacer>.elementor-widget-container,.e-con>.elementor-widget-spacer>.elementor-widget-container>.elementor-spacer{height:100%}.e-con-inner>.elementor-widget-spacer>.elementor-widget-container>.elementor-spacer>.elementor-spacer-inner,.e-con>.elementor-widget-spacer>.elementor-widget-container>.elementor-spacer>.elementor-spacer-inner{height:var(--container-widget-height,var(--spacer-size))}<\/style>\n<style>\/*! elementor - v3.15.0 - 20-08-2023 *\/\n.elementor-heading-title{padding:0;margin:0;line-height:1}.elementor-widget-heading .elementor-heading-title[class*=elementor-size-]>a{color:inherit;font-size:inherit;line-height:inherit}.elementor-widget-heading .elementor-heading-title.elementor-size-small{font-size:15px}.elementor-widget-heading .elementor-heading-title.elementor-size-medium{font-size:19px}.elementor-widget-heading .elementor-heading-title.elementor-size-large{font-size:29px}.elementor-widget-heading .elementor-heading-title.elementor-size-xl{font-size:39px}.elementor-widget-heading .elementor-heading-title.elementor-size-xxl{font-size:59px}<\/style>\n<h2>Publicados los libros I Premio Memoria de la Emigraci\u00f3n Espa\u00f1ola<\/h2>\n<p>Se han publicado los libros del I Premio Memoria de la Emigraci\u00f3n Espa\u00f1ola en la p\u00e1gina de <a href=\"http:\/\/emigracioncastellanayleonesa.es\/\">emigracioncastellanayleonesa.es<\/a>.&nbsp;Se puede descargar gratuitamente desde el apartado de publicaciones,&nbsp; donde adem\u00e1s de estas, pueden acceder al resto de obras editadas por el centro.&nbsp;<\/p>\n<style>\/*! elementor - v3.15.0 - 20-08-2023 *\/\n.elementor-widget-image{text-align:center}.elementor-widget-image a{display:inline-block}.elementor-widget-image a img[src$=\".svg\"]{width:48px}.elementor-widget-image img{vertical-align:middle;display:inline-block}<\/style>\n<p>\t\t\t\t\t\t\t\t\t\t\t\t<img decoding=\"async\" width=\"212\" height=\"300\" src=\"http:\/\/comunicacion.unedzamora.es\/wp-content\/uploads\/2023\/11\/2023-I-Premio-version-digital-premiados-212x300.png\" alt=\"\" loading=\"lazy\" srcset=\"http:\/\/comunicacion.unedzamora.es\/wp-content\/uploads\/2023\/11\/2023-I-Premio-version-digital-premiados-212x300.png 212w, http:\/\/comunicacion.unedzamora.es\/wp-content\/uploads\/2023\/11\/2023-I-Premio-version-digital-premiados.png 519w\" sizes=\"(max-width: 212px) 100vw, 212px\" \/><br \/>\n\t\t\t\t\t\t\t\t\t\t\t\t\t\t\t<img decoding=\"async\" width=\"214\" height=\"300\" src=\"http:\/\/comunicacion.unedzamora.es\/wp-content\/uploads\/2023\/11\/2023-I-Premio-Memoria-de-la-Emigracion-Espanola-completo-214x300.png\" alt=\"\" loading=\"lazy\" srcset=\"http:\/\/comunicacion.unedzamora.es\/wp-content\/uploads\/2023\/11\/2023-I-Premio-Memoria-de-la-Emigracion-Espanola-completo-214x300.png 214w, http:\/\/comunicacion.unedzamora.es\/wp-content\/uploads\/2023\/11\/2023-I-Premio-Memoria-de-la-Emigracion-Espanola-completo.png 524w\" sizes=\"(max-width: 214px) 100vw, 214px\" \/><\/p>\n","protected":false},"excerpt":{"rendered":"<p>Publicados los libros I Premio Memoria de la Emigraci\u00f3n Espa\u00f1ola Se han publicado los libros del I Premio<\/p>\n","protected":false},"author":4,"featured_media":2475,"comment_status":"closed","ping_status":"closed","sticky":false,"template":"","format":"standard","meta":[],"categories":[10],"tags":[],"_links":{"self":[{"href":"https:\/\/comunicacion.unedzamora.es\/index.php\/wp-json\/wp\/v2\/posts\/2473"}],"collection":[{"href":"https:\/\/comunicacion.unedzamora.es\/index.php\/wp-json\/wp\/v2\/posts"}],"about":[{"href":"https:\/\/comunicacion.unedzamora.es\/index.php\/wp-json\/wp\/v2\/types\/post"}],"author":[{"embeddable":true,"href":"https:\/\/comunicacion.unedzamora.es\/index.php\/wp-json\/wp\/v2\/users\/4"}],"replies":[{"embeddable":true,"href":"https:\/\/comunicacion.unedzamora.es\/index.php\/wp-json\/wp\/v2\/comments?post=2473"}],"version-history":[{"count":8,"href":"https:\/\/comunicacion.unedzamora.es\/index.php\/wp-json\/wp\/v2\/posts\/2473\/revisions"}],"predecessor-version":[{"id":2484,"href":"https:\/\/comunicacion.unedzamora.es\/index.php\/wp-json\/wp\/v2\/posts\/2473\/revisions\/2484"}],"wp:featuredmedia":[{"embeddable":true,"href":"https:\/\/comunicacion.unedzamora.es\/index.php\/wp-json\/wp\/v2\/media\/2475"}],"wp:attachment":[{"href":"https:\/\/comunicacion.unedzamora.es\/index.php\/wp-json\/wp\/v2\/media?parent=2473"}],"wp:term":[{"taxonomy":"category","embeddable":true,"href":"https:\/\/comunicacion.unedzamora.es\/index.php\/wp-json\/wp\/v2\/categories?post=2473"},{"taxonomy":"post_tag","embeddable":true,"href":"https:\/\/comunicacion.unedzamora.es\/index.php\/wp-json\/wp\/v2\/tags?post=2473"}],"curies":[{"name":"wp","href":"https:\/\/api.w.org\/{rel}","templated":true}]}}