{"id":2533,"date":"2023-12-05T18:21:53","date_gmt":"2023-12-05T18:21:53","guid":{"rendered":"http:\/\/comunicacion.unedzamora.es\/?p=2533"},"modified":"2023-12-05T18:25:10","modified_gmt":"2023-12-05T18:25:10","slug":"junta-rectora-de-uned-zamora","status":"publish","type":"post","link":"https:\/\/comunicacion.unedzamora.es\/index.php\/2023\/12\/05\/junta-rectora-de-uned-zamora\/","title":{"rendered":"Junta Rectora de UNED Zamora"},"content":{"rendered":"<style>\/*! elementor - v3.15.0 - 20-08-2023 *\/\n.elementor-column .elementor-spacer-inner{height:var(--spacer-size)}.e-con{--container-widget-width:100%}.e-con-inner>.elementor-widget-spacer,.e-con>.elementor-widget-spacer{width:var(--container-widget-width,var(--spacer-size));--align-self:var(--container-widget-align-self,initial);--flex-shrink:0}.e-con-inner>.elementor-widget-spacer>.elementor-widget-container,.e-con-inner>.elementor-widget-spacer>.elementor-widget-container>.elementor-spacer,.e-con>.elementor-widget-spacer>.elementor-widget-container,.e-con>.elementor-widget-spacer>.elementor-widget-container>.elementor-spacer{height:100%}.e-con-inner>.elementor-widget-spacer>.elementor-widget-container>.elementor-spacer>.elementor-spacer-inner,.e-con>.elementor-widget-spacer>.elementor-widget-container>.elementor-spacer>.elementor-spacer-inner{height:var(--container-widget-height,var(--spacer-size))}<\/style>\n<style>\/*! elementor - v3.15.0 - 20-08-2023 *\/\n.elementor-heading-title{padding:0;margin:0;line-height:1}.elementor-widget-heading .elementor-heading-title[class*=elementor-size-]>a{color:inherit;font-size:inherit;line-height:inherit}.elementor-widget-heading .elementor-heading-title.elementor-size-small{font-size:15px}.elementor-widget-heading .elementor-heading-title.elementor-size-medium{font-size:19px}.elementor-widget-heading .elementor-heading-title.elementor-size-large{font-size:29px}.elementor-widget-heading .elementor-heading-title.elementor-size-xl{font-size:39px}.elementor-widget-heading .elementor-heading-title.elementor-size-xxl{font-size:59px}<\/style>\n<h2>Junta Rectora de UNED Zamora<\/h2>\n<p>Esta tarde hemos celebrado Junta Rectora de <a href=\"https:\/\/www.facebook.com\/unedzamora?__cft__%5b0%5d=AZWtTSduNQ3Z2ijVpSgrzVwujcqTRYTV--K29TlD9azENS8F0PGwHh-euhjQP_vU85x-PTuQ_IjVqgXzemMQu37-C4ANxjXvvtks8Qt9z5VsSAGCSm-1kIRMufNkRHuQN9MdgAOxZlYjwXs_ZTHNw_bA-3kTIjqdNadg683yd_MziJUpjR4Fx6_b9F0kXJXXvqg&amp;__tn__=-%5dK-R\">UNED Zamora<\/a> en la que han participado los miembros del Patronato: V\u00edctor L\u00f3pez y Amaranta Rat\u00f3n (Excma. Diputaci\u00f3n de Zamora), Mar\u00eda Eugenia Cabezas (Excmo. Ayto. de Zamora) Antonio Rodr\u00edguez, Jos\u00e9 Delgado, Carmen Alonso, Alberto Andr\u00e9s y Cristina Soler (UNED Zamora), Narciso Prieto (Fundaci\u00f3n Caja Rural) y V\u00edctor Manuel Gonz\u00e1lez (UNED Sede Central) quien intervino por videoconferencia.<\/p>\n<style>\/*! elementor - v3.15.0 - 20-08-2023 *\/\n.elementor-widget-image{text-align:center}.elementor-widget-image a{display:inline-block}.elementor-widget-image a img[src$=\".svg\"]{width:48px}.elementor-widget-image img{vertical-align:middle;display:inline-block}<\/style>\n<p>\t\t\t\t\t\t\t\t\t\t\t\t<img decoding=\"async\" width=\"768\" height=\"768\" src=\"http:\/\/comunicacion.unedzamora.es\/wp-content\/uploads\/2023\/12\/WhatsApp-Image-2023-12-05-at-19.17.50-768x768.jpeg\" alt=\"\" loading=\"lazy\" srcset=\"http:\/\/comunicacion.unedzamora.es\/wp-content\/uploads\/2023\/12\/WhatsApp-Image-2023-12-05-at-19.17.50-768x768.jpeg 768w, http:\/\/comunicacion.unedzamora.es\/wp-content\/uploads\/2023\/12\/WhatsApp-Image-2023-12-05-at-19.17.50-300x300.jpeg 300w, http:\/\/comunicacion.unedzamora.es\/wp-content\/uploads\/2023\/12\/WhatsApp-Image-2023-12-05-at-19.17.50-1024x1024.jpeg 1024w, http:\/\/comunicacion.unedzamora.es\/wp-content\/uploads\/2023\/12\/WhatsApp-Image-2023-12-05-at-19.17.50-150x150.jpeg 150w, http:\/\/comunicacion.unedzamora.es\/wp-content\/uploads\/2023\/12\/WhatsApp-Image-2023-12-05-at-19.17.50-700x700.jpeg 700w, http:\/\/comunicacion.unedzamora.es\/wp-content\/uploads\/2023\/12\/WhatsApp-Image-2023-12-05-at-19.17.50-1536x1536.jpeg 1536w, http:\/\/comunicacion.unedzamora.es\/wp-content\/uploads\/2023\/12\/WhatsApp-Image-2023-12-05-at-19.17.50.jpeg 1736w\" sizes=\"(max-width: 768px) 100vw, 768px\" \/><\/p>\n","protected":false},"excerpt":{"rendered":"<p>Junta Rectora de UNED Zamora Esta tarde hemos celebrado Junta Rectora de UNED Zamora en la que han<\/p>\n","protected":false},"author":4,"featured_media":2534,"comment_status":"closed","ping_status":"closed","sticky":false,"template":"","format":"standard","meta":[],"categories":[10],"tags":[],"_links":{"self":[{"href":"https:\/\/comunicacion.unedzamora.es\/index.php\/wp-json\/wp\/v2\/posts\/2533"}],"collection":[{"href":"https:\/\/comunicacion.unedzamora.es\/index.php\/wp-json\/wp\/v2\/posts"}],"about":[{"href":"https:\/\/comunicacion.unedzamora.es\/index.php\/wp-json\/wp\/v2\/types\/post"}],"author":[{"embeddable":true,"href":"https:\/\/comunicacion.unedzamora.es\/index.php\/wp-json\/wp\/v2\/users\/4"}],"replies":[{"embeddable":true,"href":"https:\/\/comunicacion.unedzamora.es\/index.php\/wp-json\/wp\/v2\/comments?post=2533"}],"version-history":[{"count":7,"href":"https:\/\/comunicacion.unedzamora.es\/index.php\/wp-json\/wp\/v2\/posts\/2533\/revisions"}],"predecessor-version":[{"id":2541,"href":"https:\/\/comunicacion.unedzamora.es\/index.php\/wp-json\/wp\/v2\/posts\/2533\/revisions\/2541"}],"wp:featuredmedia":[{"embeddable":true,"href":"https:\/\/comunicacion.unedzamora.es\/index.php\/wp-json\/wp\/v2\/media\/2534"}],"wp:attachment":[{"href":"https:\/\/comunicacion.unedzamora.es\/index.php\/wp-json\/wp\/v2\/media?parent=2533"}],"wp:term":[{"taxonomy":"category","embeddable":true,"href":"https:\/\/comunicacion.unedzamora.es\/index.php\/wp-json\/wp\/v2\/categories?post=2533"},{"taxonomy":"post_tag","embeddable":true,"href":"https:\/\/comunicacion.unedzamora.es\/index.php\/wp-json\/wp\/v2\/tags?post=2533"}],"curies":[{"name":"wp","href":"https:\/\/api.w.org\/{rel}","templated":true}]}}