{"id":2611,"date":"2024-01-31T18:07:25","date_gmt":"2024-01-31T18:07:25","guid":{"rendered":"http:\/\/comunicacion.unedzamora.es\/?p=2611"},"modified":"2024-02-01T17:57:10","modified_gmt":"2024-02-01T17:57:10","slug":"el-proximo-5-de-febrero-se-abrira-el-segundo-plazo-de-matriculas","status":"publish","type":"post","link":"https:\/\/comunicacion.unedzamora.es\/index.php\/2024\/01\/31\/el-proximo-5-de-febrero-se-abrira-el-segundo-plazo-de-matriculas\/","title":{"rendered":"El pr\u00f3ximo 5 de Febrero se abrir\u00e1 el segundo plazo de matr\u00edculas"},"content":{"rendered":"<style>\/*! elementor - v3.18.0 - 20-12-2023 *\/\n.elementor-column .elementor-spacer-inner{height:var(--spacer-size)}.e-con{--container-widget-width:100%}.e-con-inner>.elementor-widget-spacer,.e-con>.elementor-widget-spacer{width:var(--container-widget-width,var(--spacer-size));--align-self:var(--container-widget-align-self,initial);--flex-shrink:0}.e-con-inner>.elementor-widget-spacer>.elementor-widget-container,.e-con>.elementor-widget-spacer>.elementor-widget-container{height:100%;width:100%}.e-con-inner>.elementor-widget-spacer>.elementor-widget-container>.elementor-spacer,.e-con>.elementor-widget-spacer>.elementor-widget-container>.elementor-spacer{height:100%}.e-con-inner>.elementor-widget-spacer>.elementor-widget-container>.elementor-spacer>.elementor-spacer-inner,.e-con>.elementor-widget-spacer>.elementor-widget-container>.elementor-spacer>.elementor-spacer-inner{height:var(--container-widget-height,var(--spacer-size))}.e-con-inner>.elementor-widget-spacer.elementor-widget-empty,.e-con>.elementor-widget-spacer.elementor-widget-empty{position:relative;min-height:22px;min-width:22px}.e-con-inner>.elementor-widget-spacer.elementor-widget-empty .elementor-widget-empty-icon,.e-con>.elementor-widget-spacer.elementor-widget-empty .elementor-widget-empty-icon{position:absolute;top:0;bottom:0;left:0;right:0;margin:auto;padding:0;width:22px;height:22px}<\/style>\n<style>\/*! elementor - v3.18.0 - 20-12-2023 *\/\n.elementor-heading-title{padding:0;margin:0;line-height:1}.elementor-widget-heading .elementor-heading-title[class*=elementor-size-]>a{color:inherit;font-size:inherit;line-height:inherit}.elementor-widget-heading .elementor-heading-title.elementor-size-small{font-size:15px}.elementor-widget-heading .elementor-heading-title.elementor-size-medium{font-size:19px}.elementor-widget-heading .elementor-heading-title.elementor-size-large{font-size:29px}.elementor-widget-heading .elementor-heading-title.elementor-size-xl{font-size:39px}.elementor-widget-heading .elementor-heading-title.elementor-size-xxl{font-size:59px}<\/style>\n<h2>El pr\u00f3ximo 5 de Febrero se abrir\u00e1 el segundo plazo de matr\u00edculas<\/h2>\n<p><strong>La UNED abrir\u00e1 pr\u00f3ximamente su segundo plazo de matr\u00edcula, que se extender\u00e1 del 5 de febrero al 12 de marzo para estudios de Grado, M\u00e1steres Oficiales y Microt\u00edtulos.\u00a0<\/strong><\/p>\n<p>A este segundo plazo de matr\u00edcula podr\u00e1n acceder los estudiantes que cumplan una serie de requisitos. En el caso de los <a href=\"https:\/\/descargas.uned.es\/publico\/pdf\/INSTRUCCIONES_DE_MATRICULA_GRADO_FEBRERO_2023_24.pdf\"><strong>estudios de Grado<\/strong><\/a>, podr\u00e1n matricularse nuevos estudiantes o bien ampliar aquellos que se hayan matriculado de un n\u00famero determinado de cr\u00e9ditos.<\/p>\n<p>En el caso de los <a href=\"https:\/\/descargas.uned.es\/publico\/pdf\/Oferta_academica_febrero_2024.pdf\"><strong>M\u00e1steres Oficiales<\/strong><\/a>, podr\u00e1n ampliar matr\u00edcula aquellos estudiantes que se hayan matriculado de un m\u00ednimo de 20 cr\u00e9ditos en el primer periodo. Adem\u00e1s, podr\u00e1n matricularse los alumnos que fueron admitidos en el proceso de preinscripci\u00f3n pero no formalizaron su matr\u00edcula y aquellos a los que como m\u00e1ximo les falten dos asignaturas y el Trabajo Fin de M\u00e1ster para concluir sus estudios, siempre que cuenten en ambos casos con la autorizaci\u00f3n de la comisi\u00f3n coordinadora del M\u00e1ster.<\/p>\n<p>Finalmente, para optar a un <a href=\"https:\/\/descargas.uned.es\/publico\/pdf\/INSTRUCCIONES_DE_MATRICULA_MICROTITULO_FEBRERO_2023_2024.pdf\"><strong>Microt\u00edtulo -microgrado o microm\u00e1ster-<\/strong><\/a> los estudiantes deber\u00e1n cumplir con los mismos requisitos generales de acceso al Grado o M\u00e1ster y podr\u00e1n matricularse de las asignaturas que consideren oportunas.<\/p>\n<p>\u00a0<\/p>\n<p><strong>Otros estudios<\/strong><\/p>\n<p>Desde el pasado 12 de enero y hasta el 29 de marzo, est\u00e1 abierta la matr\u00edcula para la <strong>Prueba Libre de Idiomas<\/strong> gestionada por el <a href=\"https:\/\/www.uned.es\/universidad\/inicio\/estudios\/idiomas.html\"><strong>CUID UNED<\/strong><\/a>, el Centro de Idiomas de la universidad. Finalmente, desde el pr\u00f3ximo 1 de febrero y hasta el 14 de marzo estar\u00e1 abierta la matr\u00edcula para la <strong>Prueba Libre de <\/strong><a href=\"https:\/\/www.uned.es\/universidad\/inicio\/estudios\/acceso.html\"><strong>Acceso a la Universidad para Mayores de 25 y 45 a\u00f1os<\/strong><\/a>.<\/p>\n<style>\/*! elementor - v3.18.0 - 20-12-2023 *\/\n.elementor-widget-image{text-align:center}.elementor-widget-image a{display:inline-block}.elementor-widget-image a img[src$=\".svg\"]{width:48px}.elementor-widget-image img{vertical-align:middle;display:inline-block}<\/style>\n<p>\t\t\t\t\t\t\t\t\t\t\t\t<img decoding=\"async\" loading=\"lazy\" width=\"445\" height=\"300\" src=\"http:\/\/comunicacion.unedzamora.es\/wp-content\/uploads\/2024\/01\/445x300_2_MATRICULA.gif\" alt=\"\" \/><\/p>\n","protected":false},"excerpt":{"rendered":"<p>El pr\u00f3ximo 5 de Febrero se abrir\u00e1 el segundo plazo de matr\u00edculas La UNED abrir\u00e1 pr\u00f3ximamente su segundo<\/p>\n","protected":false},"author":4,"featured_media":2612,"comment_status":"closed","ping_status":"closed","sticky":false,"template":"","format":"standard","meta":[],"categories":[10],"tags":[],"_links":{"self":[{"href":"https:\/\/comunicacion.unedzamora.es\/index.php\/wp-json\/wp\/v2\/posts\/2611"}],"collection":[{"href":"https:\/\/comunicacion.unedzamora.es\/index.php\/wp-json\/wp\/v2\/posts"}],"about":[{"href":"https:\/\/comunicacion.unedzamora.es\/index.php\/wp-json\/wp\/v2\/types\/post"}],"author":[{"embeddable":true,"href":"https:\/\/comunicacion.unedzamora.es\/index.php\/wp-json\/wp\/v2\/users\/4"}],"replies":[{"embeddable":true,"href":"https:\/\/comunicacion.unedzamora.es\/index.php\/wp-json\/wp\/v2\/comments?post=2611"}],"version-history":[{"count":7,"href":"https:\/\/comunicacion.unedzamora.es\/index.php\/wp-json\/wp\/v2\/posts\/2611\/revisions"}],"predecessor-version":[{"id":2619,"href":"https:\/\/comunicacion.unedzamora.es\/index.php\/wp-json\/wp\/v2\/posts\/2611\/revisions\/2619"}],"wp:featuredmedia":[{"embeddable":true,"href":"https:\/\/comunicacion.unedzamora.es\/index.php\/wp-json\/wp\/v2\/media\/2612"}],"wp:attachment":[{"href":"https:\/\/comunicacion.unedzamora.es\/index.php\/wp-json\/wp\/v2\/media?parent=2611"}],"wp:term":[{"taxonomy":"category","embeddable":true,"href":"https:\/\/comunicacion.unedzamora.es\/index.php\/wp-json\/wp\/v2\/categories?post=2611"},{"taxonomy":"post_tag","embeddable":true,"href":"https:\/\/comunicacion.unedzamora.es\/index.php\/wp-json\/wp\/v2\/tags?post=2611"}],"curies":[{"name":"wp","href":"https:\/\/api.w.org\/{rel}","templated":true}]}}