{"id":3143,"date":"2025-03-07T15:29:29","date_gmt":"2025-03-07T15:29:29","guid":{"rendered":"http:\/\/comunicacion.unedzamora.es\/?p=3143"},"modified":"2025-04-04T15:38:13","modified_gmt":"2025-04-04T15:38:13","slug":"arranca-una-nueva-edicion-del-curso-sobre-los-caminos-de-santiago-de-la-mano-de-uned-zamora-y-uned-ourense","status":"publish","type":"post","link":"https:\/\/comunicacion.unedzamora.es\/index.php\/2025\/03\/07\/arranca-una-nueva-edicion-del-curso-sobre-los-caminos-de-santiago-de-la-mano-de-uned-zamora-y-uned-ourense\/","title":{"rendered":"Arranca una nueva edici\u00f3n del curso sobre los Caminos de Santiago de la mano de UNED Zamora y UNED Ourense."},"content":{"rendered":"\n<p>Alca\u00f1ices fue el punto de inicio del curso&nbsp;<em>\u201cLos caminos de Santiago: El Camino Portugu\u00e9s de la V\u00eda de la Plata por Zamora, Tras Os Montes y Ourense<\/em>, organizado por los Centros de la UNED en Zamora y Ourense, con la presencia de autoridades pol\u00edticas y acad\u00e9micas, adem\u00e1s de los vecinos de la localidad.<\/p>\n\n\n\n<p>El sal\u00f3n de plenos de la Casa Consistorial de Alca\u00f1ices fue el escenario elegido para celebrar la primera de las conferencias de este curso. Formaron mesa el concejal Jes\u00fas Mar\u00eda Lorenzo M\u00e1s, teniente de alcalde y presidente de la Mancomunidad Tierra de Aliste; el diputado de Relaciones Institucionales de la Diputaci\u00f3n de Ourense, Rosendo Luis Fern\u00e1ndez Fern\u00e1ndez; el presidente de la C\u00e1mara Municipal de Bragan\u00e7a, Paulo Jorge Almendra Xavier y el director de UNED Ourense, Jes\u00fas Manuel Garc\u00eda D\u00edaz.<\/p>\n\n\n\n<p>Jes\u00fas Mar\u00eda Lorenzo M\u00e1s abri\u00f3 el acto dando las gracias a los Centros de la UNED por haber escogido Alca\u00f1ices como inicio del ciclo de este a\u00f1o y agradeci\u00f3 la presencia del p\u00fablico tanto presencialmente en el sal\u00f3n como las 300 personas que siguen este ciclo de conferencias desde otros puntos de Espa\u00f1a, Portugal, Rusia, M\u00e9xico o Francia, entre otros.<\/p>\n\n\n\n<p>El diputado de Relaciones Institucionales de la Diputaci\u00f3n Provincial de Ourense, Rosendo Fern\u00e1ndez, destac\u00f3 que &#8220;cuando las dos diputaciones y la UNED cooperan, los objetivos de alcanzan m\u00e1s f\u00e1cilmente&#8221;. Destac\u00f3 los valores que se buscan desde el ente provincial orensano en la promoci\u00f3n de la V\u00eda de la Plata, que son los mismos que se plantea el ciclo de conferencias organizado desde UNED Zamora y UNED Ourense, es decir, dar a conocer esta ruta de peregrinaci\u00f3n, promocionar el patrimonio cultural de Zamora y Ourense, darle un impulso tur\u00edstico y dinamizar la vida cultural. Fern\u00e1ndez cit\u00f3 tambi\u00e9n la cooperaci\u00f3n con la Diputaci\u00f3n de Zamora en un proyecto de promoci\u00f3n cicloturista de la V\u00eda de la Plata denominado Camino Vertical, enmarcado en un plan Interreg.<\/p>\n\n\n\n<p>El presidente de la C\u00e1mara Municipal de Bragan\u00e7a, Paulo Jorge Almendra Xavier, agradeci\u00f3 a los dos centros universitarios de la UNED esta iniciativa, y que este a\u00f1o se dirija el programa de conferencias a Portugal, concretamente a su ciudad y a Vinhais. Dijo que es un paso importante el de la cooperaci\u00f3n institucional, algo en lo que hoy se reafirma<em>. &#8220;Es importante esta colaboraci\u00f3n, que este proyecto vaya a Bragan\u00e7a hace que me honre de estar aqu\u00ed. La ruta Zamora-Bragan\u00e7a-Vinhais-Ourense es de las m\u00e1s antiguas. Nosotros hoy trabajamos mucho con Zamora. Bragan\u00e7a es una ciudad con un excelente patrimonio, los peregrinos son tratados bien por nosotros, algunos van por fe, devoci\u00f3n, y otros lo hacen por cultura, turismo. Tenemos que valorizar nuestro patrimonio y la econom\u00eda. Vamos a continuar en esto. Los arrayanos tenemos una forma de recibir a los visitantes, a los peregrinos completamente diferente. Valoro nuestras personas&#8221;<\/em>, se\u00f1al\u00f3 refiri\u00e9ndose a quienes viven a uno y a otro lado de la Raia.<\/p>\n\n\n\n<p>Acabada la parte institucional del acto, lleg\u00f3 la acad\u00e9mica. tom\u00f3 la palabra el director de UNED Zamora, Antonio Rodr\u00edguez Gonz\u00e1lez, para presentar, en primer lugar, a V\u00edctor Sierra S\u00e1nchez, cofundador de la Asociaci\u00f3n Zamorana de los Caminos de Santiago y presidente de la Federaci\u00f3n de Asociaciones de Amigos de los caminos de Santiago Hist\u00f3ricos y Tradicionales de Castilla y Le\u00f3n, adem\u00e1s de ser alumno de UNED Senior Zamora. Sierra se encarg\u00f3 de hacer una breve introducci\u00f3n a los Caminos que discurren por tierras zamoranas, que son cinco. Mostr\u00f3 varias im\u00e1genes del patrimonio hist\u00f3rico relacionado con estas rutas, citando la tradicional capa alistana, que no es exclusiva de esta comarca fronteriza zamorana sino que es la misma capa tramontana que usan los ciudadanos de Tras-os-Montes o los de la ciudad de Miranda do Douro.<\/p>\n\n\n\n<figure class=\"wp-block-image size-full\"><img decoding=\"async\" loading=\"lazy\" width=\"600\" height=\"450\" src=\"http:\/\/comunicacion.unedzamora.es\/wp-content\/uploads\/2025\/04\/cd0cec98ff84407ba5b7ad46403581a0_med.jpg\" alt=\"\" class=\"wp-image-3145\" srcset=\"https:\/\/comunicacion.unedzamora.es\/wp-content\/uploads\/2025\/04\/cd0cec98ff84407ba5b7ad46403581a0_med.jpg 600w, https:\/\/comunicacion.unedzamora.es\/wp-content\/uploads\/2025\/04\/cd0cec98ff84407ba5b7ad46403581a0_med-300x225.jpg 300w\" sizes=\"(max-width: 600px) 100vw, 600px\" \/><\/figure>\n\n\n\n<p>Antonio Rodr\u00edguez Gonz\u00e1lez present\u00f3 a continuaci\u00f3n al ponente de la primera jornada, el doctor Xerardo Pereiro, de cuya Universidad de Tras-os-Montes e Alto Douro (UTAD) es profesor e investigador del Centro em Rede de investiga\u00e7ao em Antropolog\u00eda, (CRIA). El investigador del Camino ofreci\u00f3 una enorme riqueza de datos sobre lo que envuelve al acto de peregrinar, a base de observar mucho durante d\u00e9cadas. &#8220;La experiencia tur\u00edstica es prolongada en el tiempo&#8221; y, citando los cinco tipos que fij\u00f3 Erik Cohen, dijo que es una experiencia &#8220;recreativa, experiencial, experimental, existencialista y de diversidad. La gente viene a hacer, a interesarse por la vida de los otros&#8221;, indic\u00f3 el ponente, a la vez que a\u00f1adi\u00f3 que el turismo &#8220;tiene que ser visto como un aliado de las peregrinaciones. Las turiperegrinaciones crean sentido de comunidad humana global&#8221;.<\/p>\n\n\n\n<p>Xerardo Pereiro se refiri\u00f3 tambi\u00e9n a la institucionalizaci\u00f3n pol\u00edtica de los caminos diciendo que hoy hay unos 80 caminos &#8220;oficiales&#8221; y hasta 256 caminos que suponen 80.000 kil\u00f3metros en Europa. Asegur\u00f3 que el perfil de los peregrinos es cada d\u00eda m\u00e1s dif\u00edcil, que hay que contar siempre un 10% m\u00e1s de peregrinos sobre la cifra que se da, puesto que los hay que no van en busca de la Compostela, que no pasan por las oficinas xacobeas. Y mientras en Espa\u00f1a y en Portugal la peregrinaci\u00f3n desempe\u00f1a una funci\u00f3n social de la gente, uni\u00e9ndola, en otros pa\u00edses europeos peregrinan en soledad.<\/p>\n\n\n\n<p>Para m\u00e1s informaci\u00f3n y matr\u00edcula en la actividad&nbsp;<a href=\"https:\/\/extension.uned.es\/actividad\/idactividad\/43347\">https:\/\/extension.uned.es\/actividad\/idactividad\/43347<\/a><\/p>\n","protected":false},"excerpt":{"rendered":"<p>Alca\u00f1ices fue el punto de inicio del curso&nbsp;\u201cLos caminos de Santiago: El Camino Portugu\u00e9s de la V\u00eda de<\/p>\n","protected":false},"author":2,"featured_media":3144,"comment_status":"closed","ping_status":"closed","sticky":false,"template":"","format":"standard","meta":[],"categories":[10],"tags":[],"_links":{"self":[{"href":"https:\/\/comunicacion.unedzamora.es\/index.php\/wp-json\/wp\/v2\/posts\/3143"}],"collection":[{"href":"https:\/\/comunicacion.unedzamora.es\/index.php\/wp-json\/wp\/v2\/posts"}],"about":[{"href":"https:\/\/comunicacion.unedzamora.es\/index.php\/wp-json\/wp\/v2\/types\/post"}],"author":[{"embeddable":true,"href":"https:\/\/comunicacion.unedzamora.es\/index.php\/wp-json\/wp\/v2\/users\/2"}],"replies":[{"embeddable":true,"href":"https:\/\/comunicacion.unedzamora.es\/index.php\/wp-json\/wp\/v2\/comments?post=3143"}],"version-history":[{"count":2,"href":"https:\/\/comunicacion.unedzamora.es\/index.php\/wp-json\/wp\/v2\/posts\/3143\/revisions"}],"predecessor-version":[{"id":3147,"href":"https:\/\/comunicacion.unedzamora.es\/index.php\/wp-json\/wp\/v2\/posts\/3143\/revisions\/3147"}],"wp:featuredmedia":[{"embeddable":true,"href":"https:\/\/comunicacion.unedzamora.es\/index.php\/wp-json\/wp\/v2\/media\/3144"}],"wp:attachment":[{"href":"https:\/\/comunicacion.unedzamora.es\/index.php\/wp-json\/wp\/v2\/media?parent=3143"}],"wp:term":[{"taxonomy":"category","embeddable":true,"href":"https:\/\/comunicacion.unedzamora.es\/index.php\/wp-json\/wp\/v2\/categories?post=3143"},{"taxonomy":"post_tag","embeddable":true,"href":"https:\/\/comunicacion.unedzamora.es\/index.php\/wp-json\/wp\/v2\/tags?post=3143"}],"curies":[{"name":"wp","href":"https:\/\/api.w.org\/{rel}","templated":true}]}}